{"id":26901,"date":"2023-09-13T11:05:16","date_gmt":"2023-09-13T14:05:16","guid":{"rendered":"https:\/\/chacosintesis.com.ar\/?p=26901"},"modified":"2023-09-13T11:06:44","modified_gmt":"2023-09-13T14:06:44","slug":"salud-publica-reitera-la-importancia-de-completar-esquemas-de-vacunacion-ante-el-aumento-de-casos-de-covid-19","status":"publish","type":"post","link":"https:\/\/chacosintesis.com.ar\/index.php\/salud-publica-reitera-la-importancia-de-completar-esquemas-de-vacunacion-ante-el-aumento-de-casos-de-covid-19\/","title":{"rendered":"Salud P\u00fablica reitera la importancia de completar esquemas de vacunaci\u00f3n ante el aumento de casos de Covid-19"},"content":{"rendered":"<div class=\"postie-post\">Respecto al aumento de casos de COVID-19 en todo el pa\u00eds, la ministra de Salud P\u00fablica de la provincia, Carolina Centeno, hizo un video a trav\u00e9s de sus redes sociales para transmitir tranquilidad a la poblaci\u00f3n y recordar las medidas preventivas contra el virus. \u201cEste virus que ha vuelto a circular nuevamente, nunca ha dejado de hacerlo\u201d, explic\u00f3 Centeno.<br \/>\n\u201cSiguen siendo las mismas recomendaciones; lo m\u00e1s importante es completar los esquemas de vacunaci\u00f3n, tanto para COVID como para antigripal y antineumoc\u00f3cica\u201d, record\u00f3 la ministra. \u201cPara las personas con factores de riesgo y mayores de 50 a\u00f1os es una dosis cada 6 meses y para el resto de las personas una dosis por a\u00f1o, de la vacuna bivalente que est\u00e1 disponible en vacunatorios p\u00fablicos y privados de la provincia, que est\u00e1n debidamente autorizados\u201d:<br \/>\n\u201cEs cierto que est\u00e1n aumentando los casos de COVID, no solamente aqu\u00ed en la provincia, sino tambi\u00e9n en todo el pa\u00eds y en ciertas partes del mundo\u201d, mencion\u00f3 la ministra. No obstante, aclar\u00f3 que \u201cya dejamos de pensar en \u00e9l COVID como pandemia, sino que empezamos a pensar en un virus que va a tener circulaci\u00f3n estacional, aumento de casos y tambi\u00e9n brotes\u201d.<br \/>\n\u201cEs importante volver a recuperar el uso del barbijo, tanto para los profesionales y el equipo de salud, como para las personas que se internan y los pacientes\u201d. concluy\u00f3 Centeno.<\/div>\n","protected":false},"excerpt":{"rendered":"<p>Respecto al aumento de casos de COVID-19 en todo el pa\u00eds, la ministra de Salud P\u00fablica de la provincia, Carolina Centeno, hizo un video a trav\u00e9s de sus redes sociales para transmitir tranquilidad a la poblaci\u00f3n y recordar las medidas preventivas contra el virus. \u201cEste virus que ha vuelto a circular nuevamente, nunca ha dejado [&hellip;]<\/p>\n","protected":false},"author":1,"featured_media":26902,"comment_status":"closed","ping_status":"closed","sticky":false,"template":"","format":"standard","meta":{"footnotes":""},"categories":[6],"tags":[],"class_list":{"0":"post-26901","1":"post","2":"type-post","3":"status-publish","4":"format-standard","5":"has-post-thumbnail","7":"category-chaco"},"_links":{"self":[{"href":"https:\/\/chacosintesis.com.ar\/index.php\/wp-json\/wp\/v2\/posts\/26901","targetHints":{"allow":["GET"]}}],"collection":[{"href":"https:\/\/chacosintesis.com.ar\/index.php\/wp-json\/wp\/v2\/posts"}],"about":[{"href":"https:\/\/chacosintesis.com.ar\/index.php\/wp-json\/wp\/v2\/types\/post"}],"author":[{"embeddable":true,"href":"https:\/\/chacosintesis.com.ar\/index.php\/wp-json\/wp\/v2\/users\/1"}],"replies":[{"embeddable":true,"href":"https:\/\/chacosintesis.com.ar\/index.php\/wp-json\/wp\/v2\/comments?post=26901"}],"version-history":[{"count":0,"href":"https:\/\/chacosintesis.com.ar\/index.php\/wp-json\/wp\/v2\/posts\/26901\/revisions"}],"wp:featuredmedia":[{"embeddable":true,"href":"https:\/\/chacosintesis.com.ar\/index.php\/wp-json\/wp\/v2\/media\/26902"}],"wp:attachment":[{"href":"https:\/\/chacosintesis.com.ar\/index.php\/wp-json\/wp\/v2\/media?parent=26901"}],"wp:term":[{"taxonomy":"category","embeddable":true,"href":"https:\/\/chacosintesis.com.ar\/index.php\/wp-json\/wp\/v2\/categories?post=26901"},{"taxonomy":"post_tag","embeddable":true,"href":"https:\/\/chacosintesis.com.ar\/index.php\/wp-json\/wp\/v2\/tags?post=26901"}],"curies":[{"name":"wp","href":"https:\/\/api.w.org\/{rel}","templated":true}]}}