{"id":26899,"date":"2023-09-13T11:04:09","date_gmt":"2023-09-13T14:04:09","guid":{"rendered":"https:\/\/chacosintesis.com.ar\/?p=26899"},"modified":"2023-09-13T11:06:40","modified_gmt":"2023-09-13T14:06:40","slug":"zdero-en-castellifrente-a-un-fin-de-ciclo-nosotros-somos-la-esperanza","status":"publish","type":"post","link":"https:\/\/chacosintesis.com.ar\/index.php\/zdero-en-castellifrente-a-un-fin-de-ciclo-nosotros-somos-la-esperanza\/","title":{"rendered":"Zdero en Castelli:&#8221;Frente a un fin de ciclo, nosotros somos la esperanza&#8221;"},"content":{"rendered":"<div class=\"postie-post\">Leandro Zdero y Silvana Schneider, la f\u00f3rmula para la gobernaci\u00f3n de Juntos por el Cambio, estuvieron anoche en Juan J. Castelli acompa\u00f1ando a su candidato a intendente Sebasti\u00e1n \u201cColo\u201d Lazzarini en la gran caravana de cierre de campa\u00f1a, de cara a las elecciones generales de este domingo 17 de septiembre. \u201cNo soy de los que vienen s\u00f3lo en \u00e9pocas electorales, vengo a Castelli siempre, no \u201csupongo\u201d los problemas y le habl\u00f3 a la gente mir\u00e1ndola a los ojos. Dejemos atr\u00e1s esa resignaci\u00f3n a la que nos tiene acostumbrado este gobierno, hace 16 a\u00f1os y comencemos a abrazar la esperanza\u201d.<br \/>\nZdero reiter\u00f3 su apoyo y acompa\u00f1amiento al candidato a intendente \u201cColo\u201d Lazzarini y adem\u00e1s manifestaron: \u201cMuy feliz por el apoyo de la gente, soplan vientos de cambio en la provincia. Hicimos una alianza con la gente, la vamos a sostener porque es con el productor, el maestro, el polic\u00eda, el enfermero, el comerciante, el joven, con el que tiene laburo, el que no lo tiene, por eso apuntamos a un Chaco de oportunidades. Queremos un Chaco donde la salud cure a la gente, queremos fortalecerla, queremos un Chaco donde acompa\u00f1emos la tarea de los polic\u00edas, para recuperar el orden y la paz social\u201d.<br \/>\nDEMOS VUELTA LA P\u00c1GINA Y HAGAMOS HISTORIA ESTE DOMINGO 17 DE SEPTIEMBRE<br \/>\n\u201cLos invito, no solamente a los castellenses, sino al Impenetrable, que se animen a dar vuelta la p\u00e1gina que esto significa hacer historia y enfrentar las campa\u00f1as del miedo, la presi\u00f3n que est\u00e1n metiendo con operetas diciendo a la gente que si nosotros llegamos al gobierno pueden perder alg\u00fan derecho. De ninguna manera, conmigo, con el \u201cColo\u201d y con cada uno de los candidatos a intendentes que me acompa\u00f1an van a seguir con los derechos y conquistas que le privaron a la gente durante 16 a\u00f1os, vamos a ir con viviendas en los parajes, a los sectores que m\u00e1s necesitan. Lo vamos a hacer, vamos a recuperar la oportunidad de que la gente sea libre\u201d- concluy\u00f3 Zdero.<\/div>\n","protected":false},"excerpt":{"rendered":"<p>Leandro Zdero y Silvana Schneider, la f\u00f3rmula para la gobernaci\u00f3n de Juntos por el Cambio, estuvieron anoche en Juan J. Castelli acompa\u00f1ando a su candidato a intendente Sebasti\u00e1n \u201cColo\u201d Lazzarini en la gran caravana de cierre de campa\u00f1a, de cara a las elecciones generales de este domingo 17 de septiembre. \u201cNo soy de los que [&hellip;]<\/p>\n","protected":false},"author":1,"featured_media":26900,"comment_status":"closed","ping_status":"closed","sticky":false,"template":"","format":"standard","meta":{"footnotes":""},"categories":[6],"tags":[],"class_list":{"0":"post-26899","1":"post","2":"type-post","3":"status-publish","4":"format-standard","5":"has-post-thumbnail","7":"category-chaco"},"_links":{"self":[{"href":"https:\/\/chacosintesis.com.ar\/index.php\/wp-json\/wp\/v2\/posts\/26899","targetHints":{"allow":["GET"]}}],"collection":[{"href":"https:\/\/chacosintesis.com.ar\/index.php\/wp-json\/wp\/v2\/posts"}],"about":[{"href":"https:\/\/chacosintesis.com.ar\/index.php\/wp-json\/wp\/v2\/types\/post"}],"author":[{"embeddable":true,"href":"https:\/\/chacosintesis.com.ar\/index.php\/wp-json\/wp\/v2\/users\/1"}],"replies":[{"embeddable":true,"href":"https:\/\/chacosintesis.com.ar\/index.php\/wp-json\/wp\/v2\/comments?post=26899"}],"version-history":[{"count":0,"href":"https:\/\/chacosintesis.com.ar\/index.php\/wp-json\/wp\/v2\/posts\/26899\/revisions"}],"wp:featuredmedia":[{"embeddable":true,"href":"https:\/\/chacosintesis.com.ar\/index.php\/wp-json\/wp\/v2\/media\/26900"}],"wp:attachment":[{"href":"https:\/\/chacosintesis.com.ar\/index.php\/wp-json\/wp\/v2\/media?parent=26899"}],"wp:term":[{"taxonomy":"category","embeddable":true,"href":"https:\/\/chacosintesis.com.ar\/index.php\/wp-json\/wp\/v2\/categories?post=26899"},{"taxonomy":"post_tag","embeddable":true,"href":"https:\/\/chacosintesis.com.ar\/index.php\/wp-json\/wp\/v2\/tags?post=26899"}],"curies":[{"name":"wp","href":"https:\/\/api.w.org\/{rel}","templated":true}]}}