{"id":26895,"date":"2023-09-13T08:12:02","date_gmt":"2023-09-13T11:12:02","guid":{"rendered":"https:\/\/chacosintesis.com.ar\/?p=26895"},"modified":"2023-09-13T08:19:00","modified_gmt":"2023-09-13T11:19:00","slug":"gianela-bonfanti-fue-coronada-reina-provincial-de-los-estudiantes","status":"publish","type":"post","link":"https:\/\/chacosintesis.com.ar\/index.php\/gianela-bonfanti-fue-coronada-reina-provincial-de-los-estudiantes\/","title":{"rendered":"Gianela Bonfanti fue coronada reina provincial de los estudiantes"},"content":{"rendered":"<div class=\"postie-post\">Gianela Bonfanti, de la localidad de Las Garcitas, result\u00f3 consagrada Reina Provincial de los Estudiantes, en la elecci\u00f3n realizada el pasado lunes en el Club Social de esta ciudad. Durante la fiesta del mes de estudiante que tiene como epicentro la ciudad de S\u00e1enz Pe\u00f1a, se realizan tambi\u00e9n los desfiles de carrozas con las elecciones de las candidatas locales, para luego realizar la fiesta a nivel provincial, organizada por la Direcci\u00f3n de la Juventud y el Consejo Estudiantil Municipal.<br \/>\n En la oportunidad, Gianela Bonfanti, de Las Garcitas, result\u00f3 electa Soberana de los Estudiantes de la provincia entre 17 participantes. As\u00ed, el pr\u00f3ximo 24 de septiembre participar\u00e1 de la 72 edici\u00f3n de la Fiesta Nacional de los Estudiantes, que se realizar\u00e1 como todos los a\u00f1os en la provincia de Jujuy.<br \/>\nCLUB SOCIAL DE FIESTA<br \/>\nEl evento de la elecci\u00f3n provincial de los estudiantes, tuvo lugar en el Club Social y cont\u00f3 con la presencia del intendente Bruno Cipolini; la intendenta de Pampa del Infierno Glenda Seifert; el intendente de Quitilipi Ariel Lovey; la reina saliente Dianela Barrios, funcionarios de distintas localidades y Reinas invitadas. El intendente Bruno Cipolini felicit\u00f3 a quienes trabajaron en la organizaci\u00f3n del evento y felicit\u00f3 a la nueva Reina que representar\u00e1 a los estudiantes chaque\u00f1os en la elecci\u00f3n nacional que se realizar\u00e1 en Jujuy el pr\u00f3ximo 24 del mes en curso.<br \/>\nLAS ELEGIDAS<br \/>\nLa fiesta de los estudiantes a nivel provincial comenz\u00f3 alrededor de las 22 del pasado lunes, y poco antes de la medianoche, el intendente de S\u00e1enz Pe\u00f1a ya estaba coronando a la nueva soberana de los j\u00f3venes. Fue electa Reina, Gianela Bonfanti de Las Garcitas; Primera Princesa, Mia Morena D\u00edaz de S\u00e1enz Pe\u00f1a y Segunda Princesa, Lara Mar\u00eda Lujan Longhi, de Villa \u00c1ngela; mientras que Miss Elegancia result\u00f3 Mar\u00eda Sandoval, de la ciudad de Quitilipi y Miss Simpat\u00eda, Izel Fr\u00edas, San Bernardo.<br \/>\n DIARIO NORTE.-<\/p>\n<\/div>\n","protected":false},"excerpt":{"rendered":"<p>Gianela Bonfanti, de la localidad de Las Garcitas, result\u00f3 consagrada Reina Provincial de los Estudiantes, en la elecci\u00f3n realizada el pasado lunes en el Club Social de esta ciudad. Durante la fiesta del mes de estudiante que tiene como epicentro la ciudad de S\u00e1enz Pe\u00f1a, se realizan tambi\u00e9n los desfiles de carrozas con las elecciones [&hellip;]<\/p>\n","protected":false},"author":1,"featured_media":26896,"comment_status":"closed","ping_status":"closed","sticky":false,"template":"","format":"standard","meta":{"footnotes":""},"categories":[6],"tags":[197],"class_list":{"0":"post-26895","1":"post","2":"type-post","3":"status-publish","4":"format-standard","5":"has-post-thumbnail","7":"category-chaco","8":"tag-destacada"},"_links":{"self":[{"href":"https:\/\/chacosintesis.com.ar\/index.php\/wp-json\/wp\/v2\/posts\/26895","targetHints":{"allow":["GET"]}}],"collection":[{"href":"https:\/\/chacosintesis.com.ar\/index.php\/wp-json\/wp\/v2\/posts"}],"about":[{"href":"https:\/\/chacosintesis.com.ar\/index.php\/wp-json\/wp\/v2\/types\/post"}],"author":[{"embeddable":true,"href":"https:\/\/chacosintesis.com.ar\/index.php\/wp-json\/wp\/v2\/users\/1"}],"replies":[{"embeddable":true,"href":"https:\/\/chacosintesis.com.ar\/index.php\/wp-json\/wp\/v2\/comments?post=26895"}],"version-history":[{"count":0,"href":"https:\/\/chacosintesis.com.ar\/index.php\/wp-json\/wp\/v2\/posts\/26895\/revisions"}],"wp:featuredmedia":[{"embeddable":true,"href":"https:\/\/chacosintesis.com.ar\/index.php\/wp-json\/wp\/v2\/media\/26896"}],"wp:attachment":[{"href":"https:\/\/chacosintesis.com.ar\/index.php\/wp-json\/wp\/v2\/media?parent=26895"}],"wp:term":[{"taxonomy":"category","embeddable":true,"href":"https:\/\/chacosintesis.com.ar\/index.php\/wp-json\/wp\/v2\/categories?post=26895"},{"taxonomy":"post_tag","embeddable":true,"href":"https:\/\/chacosintesis.com.ar\/index.php\/wp-json\/wp\/v2\/tags?post=26895"}],"curies":[{"name":"wp","href":"https:\/\/api.w.org\/{rel}","templated":true}]}}