{"id":26891,"date":"2023-09-12T19:22:00","date_gmt":"2023-09-12T22:22:00","guid":{"rendered":"https:\/\/chacosintesis.com.ar\/?p=26891"},"modified":"2023-09-12T19:36:46","modified_gmt":"2023-09-12T22:36:46","slug":"el-incremento-salarial-del-12-para-la-administracion-publica-provincial-se-abonara-este-viernes","status":"publish","type":"post","link":"https:\/\/chacosintesis.com.ar\/index.php\/el-incremento-salarial-del-12-para-la-administracion-publica-provincial-se-abonara-este-viernes\/","title":{"rendered":"El incremento salarial del 12% para la administraci\u00f3n p\u00fablica provincial se abonar\u00e1 este viernes"},"content":{"rendered":"<div class=\"postie-post\">El aumento, que originalmente estaba previsto para octubre, se pagar\u00e1 de manera extraordinaria a las y los trabajadores activos y personas jubiladas. En tanto, los salarios se abonar\u00e1n antes de fin de mes, como ya es habitual.<\/p>\n<p>El adelanto del 12% de la pauta salarial (prevista originalmente para octubre) que alcanza a las y los trabajadores activos y personas jubiladas, ser\u00e1 abonado por el gobierno provincial este viernes 15 de septiembre, seg\u00fan confirm\u00f3 a Agencia Foco el ministro de Planificaci\u00f3n, Econom\u00eda e Infraestructura Santiago P\u00e9rez Pons, quien adem\u00e1s resalt\u00f3 que luego, antes de fin de mes, estos agentes percibir\u00e1n el sueldo, como todos los meses.<br \/>\nSeg\u00fan destacaron el funcionario y el gobernador Jorge Capitanich el pasado fin de semana al realizar el anuncio, con esta medida \u201ccualquier trabajador o trabajadora de la Administraci\u00f3n tiene garantizado un piso de actualizaci\u00f3n de al menos 90% hacia el mes de septiembre\u201d.<br \/>\nEste anticipo de aumento del 12% alcanza al Escalaf\u00f3n general de la Administraci\u00f3n P\u00fablica (incluyendo salud p\u00fablica), a todos los organismos descentralizados y aut\u00e1rquicos, al Poder Legislativo, a la Polic\u00eda del Chaco y al Servicio Penitenciario.<br \/>\n En el caso del sector docente, \u201ctendr\u00e1n un adelantamiento de la cl\u00e1usula gatillo del 12%. A eso se suman 200 puntos adicionales como recomposici\u00f3n que tambi\u00e9n cobrar\u00e1n este mes\u201d, seg\u00fan los n\u00fameros dados a conocer por el titular de la cartera econ\u00f3mica. Este 12% y los 200 puntos ser\u00e1n pagados de manera adelantada esta semana.<br \/>\nPara los trabajadores del Poder Judicial, en septiembre tendr\u00e1n el aumento correspondiente al ajuste por revisi\u00f3n que le corresponde por ley. Pero tambi\u00e9n se les adelantar\u00e1 un 12% de ese ajuste para que lo cobren de manera inmediata.<\/p>\n<p>Becas provinciales<\/p>\n<p>El gobierno provincial tambi\u00e9n dar\u00e1 un aumento para trabajadores y trabajadoras de becas provinciales con contraprestaci\u00f3n laboral en el Estado: M\u00e1s Inclusi\u00f3n (Ministerio de Desarrollo Social), Becas del Instituto del Deporte, Becas del Instituto de Cultura y Servicio y Mantenimiento de Escuelas (Ministerio de Educaci\u00f3n).<br \/>\nEn este caso, el incremento ser\u00e1 de 12% m\u00e1s una suma de $12.000 a cada escala y se har\u00e1 efectivo con retroactividad a agosto. Este cronograma de pagos comenz\u00f3 el lunes con los valores anteriores, y la diferencia se abonar\u00e1 durante la semana. Esto se traduce en que las y los beneficiarios de becas alcanzan un piso de actualizaci\u00f3n del 90% hacia el mes de septiembre.<\/p><\/div>\n","protected":false},"excerpt":{"rendered":"<p>El aumento, que originalmente estaba previsto para octubre, se pagar\u00e1 de manera extraordinaria a las y los trabajadores activos y personas jubiladas. En tanto, los salarios se abonar\u00e1n antes de fin de mes, como ya es habitual. El adelanto del 12% de la pauta salarial (prevista originalmente para octubre) que alcanza a las y los [&hellip;]<\/p>\n","protected":false},"author":1,"featured_media":26892,"comment_status":"closed","ping_status":"closed","sticky":false,"template":"","format":"standard","meta":{"footnotes":""},"categories":[6],"tags":[],"class_list":{"0":"post-26891","1":"post","2":"type-post","3":"status-publish","4":"format-standard","5":"has-post-thumbnail","7":"category-chaco"},"_links":{"self":[{"href":"https:\/\/chacosintesis.com.ar\/index.php\/wp-json\/wp\/v2\/posts\/26891","targetHints":{"allow":["GET"]}}],"collection":[{"href":"https:\/\/chacosintesis.com.ar\/index.php\/wp-json\/wp\/v2\/posts"}],"about":[{"href":"https:\/\/chacosintesis.com.ar\/index.php\/wp-json\/wp\/v2\/types\/post"}],"author":[{"embeddable":true,"href":"https:\/\/chacosintesis.com.ar\/index.php\/wp-json\/wp\/v2\/users\/1"}],"replies":[{"embeddable":true,"href":"https:\/\/chacosintesis.com.ar\/index.php\/wp-json\/wp\/v2\/comments?post=26891"}],"version-history":[{"count":0,"href":"https:\/\/chacosintesis.com.ar\/index.php\/wp-json\/wp\/v2\/posts\/26891\/revisions"}],"wp:featuredmedia":[{"embeddable":true,"href":"https:\/\/chacosintesis.com.ar\/index.php\/wp-json\/wp\/v2\/media\/26892"}],"wp:attachment":[{"href":"https:\/\/chacosintesis.com.ar\/index.php\/wp-json\/wp\/v2\/media?parent=26891"}],"wp:term":[{"taxonomy":"category","embeddable":true,"href":"https:\/\/chacosintesis.com.ar\/index.php\/wp-json\/wp\/v2\/categories?post=26891"},{"taxonomy":"post_tag","embeddable":true,"href":"https:\/\/chacosintesis.com.ar\/index.php\/wp-json\/wp\/v2\/tags?post=26891"}],"curies":[{"name":"wp","href":"https:\/\/api.w.org\/{rel}","templated":true}]}}