{"id":26885,"date":"2023-09-12T16:36:05","date_gmt":"2023-09-12T19:36:05","guid":{"rendered":"https:\/\/chacosintesis.com.ar\/?p=26885"},"modified":"2023-09-12T16:36:52","modified_gmt":"2023-09-12T19:36:52","slug":"saenz-pena-con-un-acto-los-maestros-fueron-homenajeados-en-su-dia","status":"publish","type":"post","link":"https:\/\/chacosintesis.com.ar\/index.php\/saenz-pena-con-un-acto-los-maestros-fueron-homenajeados-en-su-dia\/","title":{"rendered":"S\u00e1enz Pe\u00f1a: Con un acto los Maestros fueron homenajeados en su d\u00eda"},"content":{"rendered":"<div class=\"postie-post\">Como todos los a\u00f1os, cada 11 de septiembre en el marco de la conmemoraci\u00f3n del D\u00eda del Maestro, se realiz\u00f3 un acto en homenaje a Domingo Faustino Sarmiento al del busto ubicado en avenida 1 entre 8 y 10 del centro. En la oportunidad se cont\u00f3 con la presencia del intendente Bruno Cipolini; el presidente del concejo Pedro Egea; el  director de la Regional Educativa IV A, Walter Olivera; Concejales, funcionarios,agrupaciones de Ex Combatientes,  docentes  y alumnos de distintas instituciones educativas de la ciudad.<br \/>\n El Intendente junto a las dem\u00e1s autoridades presentes deposit\u00f3 una ofrenda floral a los pies del busto de Domingo Faustino Sarmiento, en homenaje  a quien breg\u00f3 por la educaci\u00f3n y la creaci\u00f3n de las Escuelas Normales en nuestro pa\u00eds, para lograr la formaci\u00f3n de maestros para la educaci\u00f3n de las generaciones futuras.<\/p>\n<p>El presidente del Concejo Deliberante, Pedro Egea, se refiri\u00f3 a los presentes, reflexionando sobre la importancia de la vocaci\u00f3n en los tiempos actuales, revalorizar la profesionalidad pero acompa\u00f1ada de la vocaci\u00f3n necesaria ambas para enfrentar los desaf\u00edos que se presentan. Por otro lado, destac\u00f3  el acompa\u00f1amiento de la Gesti\u00f3n Municipal al quehacer docente de la ciudad y llam\u00f3 a reconocer a los Docentes que desde la fundaci\u00f3n de S\u00e1enz Pe\u00f1a muestran un profundo amor por el ense\u00f1ar.<\/p>\n<p> Cabe mencionar que el acto fue organizado por la Comisi\u00f3n de Actos Patrios que est\u00e1 integrada por distintas instituciones de la ciudad.<\/p><\/div>\n","protected":false},"excerpt":{"rendered":"<p>Como todos los a\u00f1os, cada 11 de septiembre en el marco de la conmemoraci\u00f3n del D\u00eda del Maestro, se realiz\u00f3 un acto en homenaje a Domingo Faustino Sarmiento al del busto ubicado en avenida 1 entre 8 y 10 del centro. En la oportunidad se cont\u00f3 con la presencia del intendente Bruno Cipolini; el presidente [&hellip;]<\/p>\n","protected":false},"author":1,"featured_media":26886,"comment_status":"closed","ping_status":"closed","sticky":false,"template":"","format":"standard","meta":{"footnotes":""},"categories":[6],"tags":[],"class_list":{"0":"post-26885","1":"post","2":"type-post","3":"status-publish","4":"format-standard","5":"has-post-thumbnail","7":"category-chaco"},"_links":{"self":[{"href":"https:\/\/chacosintesis.com.ar\/index.php\/wp-json\/wp\/v2\/posts\/26885","targetHints":{"allow":["GET"]}}],"collection":[{"href":"https:\/\/chacosintesis.com.ar\/index.php\/wp-json\/wp\/v2\/posts"}],"about":[{"href":"https:\/\/chacosintesis.com.ar\/index.php\/wp-json\/wp\/v2\/types\/post"}],"author":[{"embeddable":true,"href":"https:\/\/chacosintesis.com.ar\/index.php\/wp-json\/wp\/v2\/users\/1"}],"replies":[{"embeddable":true,"href":"https:\/\/chacosintesis.com.ar\/index.php\/wp-json\/wp\/v2\/comments?post=26885"}],"version-history":[{"count":0,"href":"https:\/\/chacosintesis.com.ar\/index.php\/wp-json\/wp\/v2\/posts\/26885\/revisions"}],"wp:featuredmedia":[{"embeddable":true,"href":"https:\/\/chacosintesis.com.ar\/index.php\/wp-json\/wp\/v2\/media\/26886"}],"wp:attachment":[{"href":"https:\/\/chacosintesis.com.ar\/index.php\/wp-json\/wp\/v2\/media?parent=26885"}],"wp:term":[{"taxonomy":"category","embeddable":true,"href":"https:\/\/chacosintesis.com.ar\/index.php\/wp-json\/wp\/v2\/categories?post=26885"},{"taxonomy":"post_tag","embeddable":true,"href":"https:\/\/chacosintesis.com.ar\/index.php\/wp-json\/wp\/v2\/tags?post=26885"}],"curies":[{"name":"wp","href":"https:\/\/api.w.org\/{rel}","templated":true}]}}