{"id":26883,"date":"2023-09-12T16:33:20","date_gmt":"2023-09-12T19:33:20","guid":{"rendered":"https:\/\/chacosintesis.com.ar\/?p=26883"},"modified":"2023-09-12T16:36:42","modified_gmt":"2023-09-12T19:36:42","slug":"zdero-en-villa-angelaes-un-momento-bisagra-el-momento-es-ahora","status":"publish","type":"post","link":"https:\/\/chacosintesis.com.ar\/index.php\/zdero-en-villa-angelaes-un-momento-bisagra-el-momento-es-ahora\/","title":{"rendered":"Zdero en Villa \u00c1ngela:&#8221;Es un momento bisagra, el momento es ahora&#8221;"},"content":{"rendered":"<div class=\"postie-post\">Leandro Zdero y Silvana Schneider, la f\u00f3rmula para la gobernaci\u00f3n de Juntos por el Cambio, estuvieron anoche en Villa \u00c1ngela, en el acto de cierre de campa\u00f1a del candidato a Intendente Joaqu\u00edn Garc\u00eda en la Sociedad H\u00fangara. \u201cTenemos que redoblar el esfuerzo, eso es lo que debemos hacer estos d\u00edas que faltan, llegando a cada vecino para que los chaque\u00f1os se atrevan al cambio. Fuimos generando esta alternativa hace mucho tiempo, es un momento bisagra, el cambio es ahora. Por eso pido mi acompa\u00f1amiento a Joaqu\u00edn Garc\u00eda, aqu\u00ed en Villa \u00c1ngela, quien ser\u00e1 el pr\u00f3ximo intendente, y el acompa\u00f1amiento a todos los chaque\u00f1os, este domingo 17 de septiembre, para recuperar la gobernaci\u00f3n del Chaco\u201d.<br \/>\nZdero y Schneider brindaron su apoyo a Joaqu\u00edn Garc\u00eda, como candidato a Intendente en Villa \u00c1ngela, de Juntos por el Cambio y sobre la realidad de los chaque\u00f1os agregaron: \u201choy el Estado se alej\u00f3 de las necesidades de la gente, asfixia a los productores y no se ocupa de la salud y la inseguridad que ha aumentado notablemente, al igual que la pobreza, en el Chaco. Vamos a recomponer el Estado con orden y decisi\u00f3n pol\u00edtica, sin que nos tiemble la mano para hacer lo que tengamos que hacer, porque el \u00fanico inter\u00e9s de mi gobierno ser\u00e1 el bienestar y la dignidad de cada chaque\u00f1o\u201d.<br \/>\nVAMOS A GENERAR ALTERNATIVAS PARA LA CAPTACI\u00d3N DE AGUA EN LOS CAMPOS<br \/>\n\u201cOtro tema, son las constantes sequ\u00edas que afectan al agro y la ganader\u00eda, por lo tanto, vamos a generar alternativas para la captaci\u00f3n del agua en los campos, hoy solamente se les ocurre hacer canales cuando est\u00e1n con el agua al cuello y deber\u00edan aprovechar para captar y cosechar en \u00e9pocas de sequ\u00eda. Por eso, vamos a dise\u00f1ar un sistema sobre la captaci\u00f3n de agua, cuando hay exceso y a utilizar reservorios alternativos. Adem\u00e1s, vamos a implementar l\u00edneas de cr\u00e9ditos blandos para que sigan apostando a la producci\u00f3n y a combatir el hurto de ganado, el abigeato\u201d- concluyeron.<br \/>\nAcompa\u00f1aron este acto, el senador Victor Zimmermann, el diputado Nacional Juan Carlos Polini y los candidatos a diputados provinciales y nacionales de Juntos por el Cambio.<\/div>\n","protected":false},"excerpt":{"rendered":"<p>Leandro Zdero y Silvana Schneider, la f\u00f3rmula para la gobernaci\u00f3n de Juntos por el Cambio, estuvieron anoche en Villa \u00c1ngela, en el acto de cierre de campa\u00f1a del candidato a Intendente Joaqu\u00edn Garc\u00eda en la Sociedad H\u00fangara. \u201cTenemos que redoblar el esfuerzo, eso es lo que debemos hacer estos d\u00edas que faltan, llegando a cada [&hellip;]<\/p>\n","protected":false},"author":1,"featured_media":26884,"comment_status":"closed","ping_status":"closed","sticky":false,"template":"","format":"standard","meta":{"footnotes":""},"categories":[6],"tags":[],"class_list":{"0":"post-26883","1":"post","2":"type-post","3":"status-publish","4":"format-standard","5":"has-post-thumbnail","7":"category-chaco"},"_links":{"self":[{"href":"https:\/\/chacosintesis.com.ar\/index.php\/wp-json\/wp\/v2\/posts\/26883","targetHints":{"allow":["GET"]}}],"collection":[{"href":"https:\/\/chacosintesis.com.ar\/index.php\/wp-json\/wp\/v2\/posts"}],"about":[{"href":"https:\/\/chacosintesis.com.ar\/index.php\/wp-json\/wp\/v2\/types\/post"}],"author":[{"embeddable":true,"href":"https:\/\/chacosintesis.com.ar\/index.php\/wp-json\/wp\/v2\/users\/1"}],"replies":[{"embeddable":true,"href":"https:\/\/chacosintesis.com.ar\/index.php\/wp-json\/wp\/v2\/comments?post=26883"}],"version-history":[{"count":0,"href":"https:\/\/chacosintesis.com.ar\/index.php\/wp-json\/wp\/v2\/posts\/26883\/revisions"}],"wp:featuredmedia":[{"embeddable":true,"href":"https:\/\/chacosintesis.com.ar\/index.php\/wp-json\/wp\/v2\/media\/26884"}],"wp:attachment":[{"href":"https:\/\/chacosintesis.com.ar\/index.php\/wp-json\/wp\/v2\/media?parent=26883"}],"wp:term":[{"taxonomy":"category","embeddable":true,"href":"https:\/\/chacosintesis.com.ar\/index.php\/wp-json\/wp\/v2\/categories?post=26883"},{"taxonomy":"post_tag","embeddable":true,"href":"https:\/\/chacosintesis.com.ar\/index.php\/wp-json\/wp\/v2\/tags?post=26883"}],"curies":[{"name":"wp","href":"https:\/\/api.w.org\/{rel}","templated":true}]}}