{"id":26875,"date":"2023-09-11T21:52:58","date_gmt":"2023-09-12T00:52:58","guid":{"rendered":"https:\/\/chacosintesis.com.ar\/?p=26875"},"modified":"2023-09-11T22:06:37","modified_gmt":"2023-09-12T01:06:37","slug":"zdero-en-santa-sylvina-representamos-la-esperanza-y-un-nuevo-tiempo-para-el-chaco","status":"publish","type":"post","link":"https:\/\/chacosintesis.com.ar\/index.php\/zdero-en-santa-sylvina-representamos-la-esperanza-y-un-nuevo-tiempo-para-el-chaco\/","title":{"rendered":"Zdero en Santa Sylvina: &#8220;Representamos la esperanza y un nuevo tiempo para el Chaco&#8221;"},"content":{"rendered":"<div class=\"postie-post\">Leandro Zdero, candidato a gobernador de Juntos por el Cambio, estuvo esta ma\u00f1ana en Santa Sylvina con vecinos, comerciantes y acompa\u00f1ando a Susana Maggio en la caravana de cierre de campa\u00f1a, de cara a las elecciones generales de este domingo 17 de septiembre. \u201cNos fortalece el cari\u00f1o de la gente y el apoyo que nos transmiten. Vamos a recuperar la provincia con compromiso y con coraje porque nosotros representamos la esperanza y un nuevo tiempo para el Chaco\u201d.<br \/>\nSobre sus propuestas y su Plan de Gobierno, Zdero agreg\u00f3: \u201cQueremos una transici\u00f3n ordenada, porque vamos a mejorar la Salud y a fortalecerla; jerarquizando la educaci\u00f3n; administrando bien los recursos, contaremos con empresas p\u00fablicas eficientes, mejoraremos la seguridad, apoyaremos al campo, generaremos empleo y acompa\u00f1aremos a los sectores como la producci\u00f3n, el comercio, la industria, las pymes y la construcci\u00f3n. Trabajamos y estamos concentrados en gobernar junto a un gran equipo que estar\u00e1 en terreno y de cara a la gente, siempre defendiendo los intereses de los chaque\u00f1os porque en mi gesti\u00f3n la agenda de gobierno, ir\u00e1 en sinton\u00eda de lo que piden los chaque\u00f1os\u201d.<br \/>\nLA EDUCACI\u00d3N TIENE SENTIDO, SI LOS CHICOS APRENDEN<br \/>\n\u201cHoy es una fecha destacada, y por eso, saludo afectuosamente a los maestros en su d\u00eda, hablo con ellos permanentemente y atiendo sus demandas. La educaci\u00f3n tiene sentido si los chicos aprenden, vamos a revalorizar la tarea de los docentes porque queremos a los docentes educando y no a los dirigentes piqueteros haciendo de docentes. Proponemos implementar un Programa de Partidas de Sostenimiento Escolar para que los insumos no falten en las escuelas y los docentes dejen de comprar de su bolsillo, los materiales para sus alumnos. Falta mucho por hacer, pero tenemos propuestas y un Plan para sacar adelante al Chaco que se viene\u201d.<br \/>\nPor \u00faltimo, Zdero y Maggio agradecieron, una vez m\u00e1s, el afecto de los vecinos y reiteraron el pedido de acompa\u00f1amiento en las urnas para este domingo 17 de septiembre.  \u201cDejemos atr\u00e1s la oscuridad de estos 16 a\u00f1os, demos lugar a la esperanza y so\u00f1emos que podemos vivir distinto. Hagamos realidad el Chaco que queremos, porque todos juntos podemos lograrlo\u201d.<\/div>\n","protected":false},"excerpt":{"rendered":"<p>Leandro Zdero, candidato a gobernador de Juntos por el Cambio, estuvo esta ma\u00f1ana en Santa Sylvina con vecinos, comerciantes y acompa\u00f1ando a Susana Maggio en la caravana de cierre de campa\u00f1a, de cara a las elecciones generales de este domingo 17 de septiembre. \u201cNos fortalece el cari\u00f1o de la gente y el apoyo que nos [&hellip;]<\/p>\n","protected":false},"author":1,"featured_media":26876,"comment_status":"closed","ping_status":"closed","sticky":false,"template":"","format":"standard","meta":{"footnotes":""},"categories":[6],"tags":[],"class_list":{"0":"post-26875","1":"post","2":"type-post","3":"status-publish","4":"format-standard","5":"has-post-thumbnail","7":"category-chaco"},"_links":{"self":[{"href":"https:\/\/chacosintesis.com.ar\/index.php\/wp-json\/wp\/v2\/posts\/26875","targetHints":{"allow":["GET"]}}],"collection":[{"href":"https:\/\/chacosintesis.com.ar\/index.php\/wp-json\/wp\/v2\/posts"}],"about":[{"href":"https:\/\/chacosintesis.com.ar\/index.php\/wp-json\/wp\/v2\/types\/post"}],"author":[{"embeddable":true,"href":"https:\/\/chacosintesis.com.ar\/index.php\/wp-json\/wp\/v2\/users\/1"}],"replies":[{"embeddable":true,"href":"https:\/\/chacosintesis.com.ar\/index.php\/wp-json\/wp\/v2\/comments?post=26875"}],"version-history":[{"count":0,"href":"https:\/\/chacosintesis.com.ar\/index.php\/wp-json\/wp\/v2\/posts\/26875\/revisions"}],"wp:featuredmedia":[{"embeddable":true,"href":"https:\/\/chacosintesis.com.ar\/index.php\/wp-json\/wp\/v2\/media\/26876"}],"wp:attachment":[{"href":"https:\/\/chacosintesis.com.ar\/index.php\/wp-json\/wp\/v2\/media?parent=26875"}],"wp:term":[{"taxonomy":"category","embeddable":true,"href":"https:\/\/chacosintesis.com.ar\/index.php\/wp-json\/wp\/v2\/categories?post=26875"},{"taxonomy":"post_tag","embeddable":true,"href":"https:\/\/chacosintesis.com.ar\/index.php\/wp-json\/wp\/v2\/tags?post=26875"}],"curies":[{"name":"wp","href":"https:\/\/api.w.org\/{rel}","templated":true}]}}