{"id":26873,"date":"2023-09-11T21:04:03","date_gmt":"2023-09-12T00:04:03","guid":{"rendered":"https:\/\/chacosintesis.com.ar\/?p=26873"},"modified":"2023-09-11T21:07:18","modified_gmt":"2023-09-12T00:07:18","slug":"capitanich-recorrio-obras-de-ampliacion-de-santana-textiles","status":"publish","type":"post","link":"https:\/\/chacosintesis.com.ar\/index.php\/capitanich-recorrio-obras-de-ampliacion-de-santana-textiles\/","title":{"rendered":"Capitanich recorri\u00f3 obras de ampliaci\u00f3n de Santana Textiles"},"content":{"rendered":"<div class=\"postie-post\">En el parque industrial de Puerto Tirol, el gobernador visit\u00f3 las instalaciones de la firma que, con acompa\u00f1amiento del Gobierno provincial, ejecuta obras de expansi\u00f3n para incrementar su capacidad productiva. Luego convers\u00f3 con obreras y obreros de la firma sobre requerimientos y solicitudes para mejorar la calidad del trabajo que realizan.<br \/>\nEl gobernador Jorge Capitanich visit\u00f3 este lunes el Parque Industrial de Puerto Tirol, donde recorri\u00f3 las instalaciones de la empresa Santana Textiles y constat\u00f3 los avances de las obras de ampliaci\u00f3n y trabajos que se est\u00e1n ejecutando en el predio, con el objetivo de incrementar la capacidad productiva y con ello la cantidad de empleo. En ese marco, el mandatario chaque\u00f1o dialog\u00f3 con obreras y obreros del sector industrial sobre acciones que permitan mejorar la calidad del trabajo que all\u00ed realizan.<br \/>\n\u201cEste Parque Industrial de Puerto Tirol, con todos los emprendimientos de car\u00e1cter industrial, llegar\u00e1 a cerca de 2.000 empleos privados formales\u201d, asegur\u00f3 Capitanich, tras recorrer las instalaciones de la firma Santana Textiles junto al ministro de Planificaci\u00f3n, Econom\u00eda e Infraestructura, Santiago P\u00e9rez Pons; y los diputados Hugo Sager y Nicol\u00e1s Slimel.<br \/>\nEn el lugar, constataron la incorporaci\u00f3n de una nueva caldera, que sustituye la provisi\u00f3n de energ\u00eda para la caldera por gas gracias al gasoducto; as\u00ed como otros trabajos que se llevan a cabo en la firma.<br \/>\nSantana textiles cuenta con el acompa\u00f1amiento del Gobierno Provincial a trav\u00e9s del r\u00e9gimen de promoci\u00f3n industrial y de la l\u00ednea estrat\u00e9gica de financiamiento \u201cChaco Reactiva\u201d y gracias a este respaldo, la empresa Santana Textiles lleva adelante una obra de ampliaci\u00f3n de 6.000 metros cuadrados cubiertos, para incrementar la capacidad productiva de tela denim, lo que permitir\u00e1 expandir su capacidad instalada, alcanzando casi 20 millones de metros lineales de tela al a\u00f1o y casi 5 millones de kilos de hilo de algod\u00f3n al a\u00f1o.<br \/>\nCon las obras de ampliaci\u00f3n y expansi\u00f3n que ejecutan, la empresa proyecta alcanzar cerca de 41.000 metros cuadrados de extensi\u00f3n y para los pr\u00f3ximos tres a\u00f1os, llegar a los 61.000 metros cuadrados. En este marco de expansi\u00f3n, se incorporar\u00e1n 316 nuevos empleos en el primer trimestre del pr\u00f3ximo a\u00f1o y se proyectan alcanzar 500 empleos para 2025.<br \/>\n\u201cEstos avances son muy importantes porque permiten agregar nuevas l\u00edneas de producci\u00f3n y optimizar la capacidad de funcionamiento, por eso estamos muy contentos porque todas las industrias crecen al amparo de inversiones y de crecimiento de la demanda\u201d, finaliz\u00f3 el mandatario.<\/p>\n<p>Encuentro con trabajadores y trabajadoras<br \/>\nPosterior a la visita, el mandatario se reuni\u00f3 con trabajadores y trabajadores de la empresa, con quien analizaron acciones para desarrollar y mejorar la calidad de su trabajo, entre ellos la ejecuci\u00f3n de un espacio p\u00fablico recreativo. En este marco de encuentro con las y los trabajadores, el diputado provincial Nicol\u00e1s Slimel destac\u00f3 la posibilidad de recuperaci\u00f3n de la empresa que, a causa de la pandemia, redujo su personal al 50% y que hoy, gracias al trabajo conjunto entre el Estado Provincial y el sector privado, continuar\u00e1 aumentando la cantidad de trabajadores, considerando que \u201cesto genera realmente un marco productivo ac\u00e1 en la localidad\u201d, argument\u00f3.<br \/>\n \u201cNuestro Gobierno provincial nunca dej\u00f3 de lado a las empresas, siempre les da un apoyo contundente, con el financiamiento a trav\u00e9s de distintos cr\u00e9ditos con tasa flexible, y tambi\u00e9n a trav\u00e9s de distintos programas de empleo que hoy permiten tener un subsidio de gran importancia para todos los empresarios que quieran iniciar este proceso de contrataci\u00f3n nuevo y que, l\u00f3gicamente, ayuda en la productividad de cada una de ellas\u201d, concluy\u00f3 el legislador.<br \/>\nCarlos Parrilla, uno de los trabajadores de la empresa Santana Textiles, celebr\u00f3 el acompa\u00f1amiento del Gobierno Provincial tras recordar el per\u00edodo de despidos y reducci\u00f3n de personal en el sector industrial durante el 2015-2019. \u201cDespu\u00e9s de ese per\u00edodo, Santana fue creciendo y ahora, con la ampliaci\u00f3n de la tejedur\u00eda, podr\u00e1 incorporar entre 200 y 300 empleos m\u00e1s, lo que potenciar\u00e1 la firma y por eso, para nosotros el acompa\u00f1amiento del Estado Provincial es muy importante\u201d, asegur\u00f3 Parrilla.<\/p><\/div>\n","protected":false},"excerpt":{"rendered":"<p>En el parque industrial de Puerto Tirol, el gobernador visit\u00f3 las instalaciones de la firma que, con acompa\u00f1amiento del Gobierno provincial, ejecuta obras de expansi\u00f3n para incrementar su capacidad productiva. Luego convers\u00f3 con obreras y obreros de la firma sobre requerimientos y solicitudes para mejorar la calidad del trabajo que realizan. El gobernador Jorge Capitanich [&hellip;]<\/p>\n","protected":false},"author":1,"featured_media":26874,"comment_status":"closed","ping_status":"closed","sticky":false,"template":"","format":"standard","meta":{"footnotes":""},"categories":[6],"tags":[],"class_list":{"0":"post-26873","1":"post","2":"type-post","3":"status-publish","4":"format-standard","5":"has-post-thumbnail","7":"category-chaco"},"_links":{"self":[{"href":"https:\/\/chacosintesis.com.ar\/index.php\/wp-json\/wp\/v2\/posts\/26873","targetHints":{"allow":["GET"]}}],"collection":[{"href":"https:\/\/chacosintesis.com.ar\/index.php\/wp-json\/wp\/v2\/posts"}],"about":[{"href":"https:\/\/chacosintesis.com.ar\/index.php\/wp-json\/wp\/v2\/types\/post"}],"author":[{"embeddable":true,"href":"https:\/\/chacosintesis.com.ar\/index.php\/wp-json\/wp\/v2\/users\/1"}],"replies":[{"embeddable":true,"href":"https:\/\/chacosintesis.com.ar\/index.php\/wp-json\/wp\/v2\/comments?post=26873"}],"version-history":[{"count":0,"href":"https:\/\/chacosintesis.com.ar\/index.php\/wp-json\/wp\/v2\/posts\/26873\/revisions"}],"wp:featuredmedia":[{"embeddable":true,"href":"https:\/\/chacosintesis.com.ar\/index.php\/wp-json\/wp\/v2\/media\/26874"}],"wp:attachment":[{"href":"https:\/\/chacosintesis.com.ar\/index.php\/wp-json\/wp\/v2\/media?parent=26873"}],"wp:term":[{"taxonomy":"category","embeddable":true,"href":"https:\/\/chacosintesis.com.ar\/index.php\/wp-json\/wp\/v2\/categories?post=26873"},{"taxonomy":"post_tag","embeddable":true,"href":"https:\/\/chacosintesis.com.ar\/index.php\/wp-json\/wp\/v2\/tags?post=26873"}],"curies":[{"name":"wp","href":"https:\/\/api.w.org\/{rel}","templated":true}]}}