{"id":26869,"date":"2023-09-11T20:54:32","date_gmt":"2023-09-11T23:54:32","guid":{"rendered":"https:\/\/chacosintesis.com.ar\/?p=26869"},"modified":"2023-09-11T21:07:04","modified_gmt":"2023-09-12T00:07:04","slug":"fortalecimiento-al-consorcio-caminero-y-continuidad-de-trabajo-con-heroes-de-malvinas-el-compromiso-de-capitanich-en-saenz-pena","status":"publish","type":"post","link":"https:\/\/chacosintesis.com.ar\/index.php\/fortalecimiento-al-consorcio-caminero-y-continuidad-de-trabajo-con-heroes-de-malvinas-el-compromiso-de-capitanich-en-saenz-pena\/","title":{"rendered":"Fortalecimiento al consorcio caminero y continuidad de trabajo con H\u00e9roes de Malvinas, el compromiso de Capitanich en S\u00e1enz Pe\u00f1a"},"content":{"rendered":"<div class=\"postie-post\">Junto a consorcistas, vecinas y vecinos de sectores rurales, el Gobernador analiz\u00f3 un plan de fortalecimiento de entrega de t\u00edtulos y construcci\u00f3n de viviendas, adem\u00e1s de provisi\u00f3n de agua y limpieza de canales. Junto a los veteranos de la guerra de 1982, analizaron los logros y derechos adquiridos en los \u00faltimos a\u00f1os y afianzaron el compromiso de seguir trabajando junto<br \/>\nEn el marco de su agenda de trabajo en Presidencia Roque S\u00e1enz Pe\u00f1a, el gobernador Jorge Capitanich se reuni\u00f3 con integrantes del Consorcio Caminero N\u00b043 y vecinas y vecinos de la zona de Colonia S\u00e1nchez; y con Veteranos de la Guerra de Malvinas de la ciudad termal, junto a quienes desarroll\u00f3 y deline\u00f3 una extensa agenda de prioridades y de trabajos a ejecutar en conjunto junto a cada sector.<br \/>\n\u201cCon el consorcio Caminero 43 trabajamos en el fortalecimiento de la entrega de los t\u00edtulos rurales, en un programa de construcci\u00f3n de viviendas rurales, en un sistema para la provisi\u00f3n de agua junto con limpieza de canales frente a la posible contingencia de una corriente de El Ni\u00f1o\u201d, confirm\u00f3 Capitanich, quien estuvo acompa\u00f1ado del ministro de Planificaci\u00f3n, Econom\u00eda e Infraestructura, Santiago P\u00e9rez Pons; y bla concejala de S\u00e1enz Pe\u00f1a, Luisina Lita.<br \/>\nEntre otras cuestiones, el mandatario provincial reiter\u00f3 ante los consorcistas la intenci\u00f3n de \u201clograr la autonom\u00eda del Instituto de Agricultura Familiar y Econom\u00eda Popular (IAFEP), generar automatizaci\u00f3n de las transferencias conjuntamente con un acrecentamiento de estos fondos para fortalecer el arraigo rural; lograr una modificaci\u00f3n de la educaci\u00f3n rural, conjuntamente con el sistema de atenci\u00f3n primaria de la salud y seguir generando condiciones para su desarrollo\u201d, ratific\u00f3.<br \/>\nPor su parte, Hugo Medina, Integrante del Consejo de Administraci\u00f3n del Consorcio Caminero N\u00b043, de Colonia S\u00e1nchez, calific\u00f3 a la reuni\u00f3n como \u201cmuy positiva\u201d, y que \u201cse centraliz\u00f3 mucho en la parte del consorcio rural\u201d, aclar\u00f3. El encuentro, centrado en la unificaci\u00f3n de esfuerzos entre ambos tipos de consorcios, cont\u00f3 adem\u00e1s con la presencia de vecinos y referentes de camineros y rurales.<br \/>\nAdem\u00e1s, enumerando algunos de los pedidos en materia de agua, perforaciones, represas, Medina confirm\u00f3 el compromiso del mandatario de que parte del equipamiento de la Administraci\u00f3n Provincial del Agua sea puesto a disposici\u00f3n de consorcios para dichos trabajos.<br \/>\nEncuentro con Veteranos de Malvinas<br \/>\nLuego de la reuni\u00f3n con el Consorcio Caminero N\u00b043, el jefe del Ejecutivo chaque\u00f1o se reuni\u00f3 con Veteranos de la guerra de Malvinas de Presidencia Roque S\u00e1enz Pe\u00f1a. \u201cDialogamos sobre los logros y derechos adquiridos durante nuestras administraciones y nos comprometimos a seguir trabajando juntos para reivindicar la memoria de nuestros h\u00e9roes\u201d, explic\u00f3 al respecto Capitanich.<br \/>\nPor su parte, entre otras cuestiones, los ex soldados solicitaron refacciones para el espacio con que cuentan actualmente.<\/div>\n","protected":false},"excerpt":{"rendered":"<p>Junto a consorcistas, vecinas y vecinos de sectores rurales, el Gobernador analiz\u00f3 un plan de fortalecimiento de entrega de t\u00edtulos y construcci\u00f3n de viviendas, adem\u00e1s de provisi\u00f3n de agua y limpieza de canales. Junto a los veteranos de la guerra de 1982, analizaron los logros y derechos adquiridos en los \u00faltimos a\u00f1os y afianzaron el [&hellip;]<\/p>\n","protected":false},"author":1,"featured_media":26870,"comment_status":"closed","ping_status":"closed","sticky":false,"template":"","format":"standard","meta":{"footnotes":""},"categories":[6],"tags":[],"class_list":{"0":"post-26869","1":"post","2":"type-post","3":"status-publish","4":"format-standard","5":"has-post-thumbnail","7":"category-chaco"},"_links":{"self":[{"href":"https:\/\/chacosintesis.com.ar\/index.php\/wp-json\/wp\/v2\/posts\/26869","targetHints":{"allow":["GET"]}}],"collection":[{"href":"https:\/\/chacosintesis.com.ar\/index.php\/wp-json\/wp\/v2\/posts"}],"about":[{"href":"https:\/\/chacosintesis.com.ar\/index.php\/wp-json\/wp\/v2\/types\/post"}],"author":[{"embeddable":true,"href":"https:\/\/chacosintesis.com.ar\/index.php\/wp-json\/wp\/v2\/users\/1"}],"replies":[{"embeddable":true,"href":"https:\/\/chacosintesis.com.ar\/index.php\/wp-json\/wp\/v2\/comments?post=26869"}],"version-history":[{"count":0,"href":"https:\/\/chacosintesis.com.ar\/index.php\/wp-json\/wp\/v2\/posts\/26869\/revisions"}],"wp:featuredmedia":[{"embeddable":true,"href":"https:\/\/chacosintesis.com.ar\/index.php\/wp-json\/wp\/v2\/media\/26870"}],"wp:attachment":[{"href":"https:\/\/chacosintesis.com.ar\/index.php\/wp-json\/wp\/v2\/media?parent=26869"}],"wp:term":[{"taxonomy":"category","embeddable":true,"href":"https:\/\/chacosintesis.com.ar\/index.php\/wp-json\/wp\/v2\/categories?post=26869"},{"taxonomy":"post_tag","embeddable":true,"href":"https:\/\/chacosintesis.com.ar\/index.php\/wp-json\/wp\/v2\/tags?post=26869"}],"curies":[{"name":"wp","href":"https:\/\/api.w.org\/{rel}","templated":true}]}}