{"id":26859,"date":"2023-09-11T20:16:53","date_gmt":"2023-09-11T23:16:53","guid":{"rendered":"https:\/\/chacosintesis.com.ar\/?p=26859"},"modified":"2023-09-11T20:37:35","modified_gmt":"2023-09-11T23:37:35","slug":"con-el-frigorifico-mocovi-el-chaco-se-proyecta-al-mundo","status":"publish","type":"post","link":"https:\/\/chacosintesis.com.ar\/index.php\/con-el-frigorifico-mocovi-el-chaco-se-proyecta-al-mundo\/","title":{"rendered":"\u201cCon el frigor\u00edfico Mocov\u00ed, el Chaco se proyecta al mundo\u201d"},"content":{"rendered":"<div class=\"postie-post\">Tras la reapertura que requiri\u00f3 una inversi\u00f3n de 2,5 millones de d\u00f3lares, el frigor\u00edfico busca ser modelo en la regi\u00f3n. \u201cVenimos a devolverle la dignidad a la gente, con un trabajo 100% en blanco\u201d, asegur\u00f3 Mohanna. Se trata de una planta de faenamiento bovino con capacidad y caracter\u00edstica de exportaci\u00f3n \u00fanica en el nordeste argentino. Compartir Twittear Correo electr\u00f3nico Compartir<br \/>\nTras la reapertura de la empresa concretada el \u00faltimo fin de semana y a la espera de la llegada de los primeros animales para comenzar la faena, su titular Majed Mohanna asegur\u00f3 que \u201ccon el frigor\u00edfico Mocov\u00ed el Chaco se proyectar\u00e1 al mundo\u201d. Se trata de una planta de faenamiento bovino, ubicada en cercan\u00edas de Puerto Tirol, con capacidad y caracter\u00edstica de exportaci\u00f3n \u00fanica en la regi\u00f3n del nordeste argentino.<br \/>\nLa inversi\u00f3n para recuperar las instalaciones que estaban en desuso fue de 2,5 millones de d\u00f3lares con un esquema de aporte p\u00fablico y privado. En declaraciones a Radio Provincia, el empresario anticip\u00f3 que \u201chay un mercado desatendido a nivel mundial, que es la faena a ritual conocida como Halal,, destinada a la comunidad; y Kosher destinada a la comunidad jud\u00eda&#8221;. &#8220;No hay ning\u00fan frigor\u00edfico a nivel nacional latinoamericano con esas caracter\u00edsticas, nosotros vamos a hacer el primer frigor\u00edfico que tenga 100% \u00edntegra la faena rito Halal y Kosher\u201d, asegur\u00f3.<br \/>\nA la vez, destac\u00f3 que la proyecci\u00f3n de ac\u00e1 hasta diciembre del 2024 es generar m\u00e1s de 2.000 empleos genuinos y 100% en blanco. \u201cCon trabajo digno, queremos que la gente vuelva a tener dignidad y no que est\u00e9 sometida a un plan social\u201d, sentenci\u00f3.<br \/>\nApoyo provincial<br \/>\nEl titular de frigor\u00edfico remarc\u00f3 asimismo que la concreci\u00f3n de la reapertura del predio y la proyecci\u00f3n a futuro que tiene el emprendimiento, llamado a ser un modelo en la regi\u00f3n y el pa\u00eds, tiene como sustento a una pol\u00edtica de apoyo impulsada por el Gobierno provincial. \u201cEn Buenos Aires, dicen que Jorge Capitanich es el malo de la pel\u00edcula, pero la realidad es que el gobernador est\u00e1 trabajando para que la gente tenga un trabajo digno: Chaco es el secreto de la Argentina que estaba escondido y es momento de sacarlo a la luz\u201d, asegur\u00f3.<br \/>\nEn ese marco, plante\u00f3 que en los pr\u00f3ximos a\u00f1os, \u201cvamos a necesitar apoyo, porque todo no podemos hacerlo solos, pero s\u00ed con un Gobierno como el de Capitanich; yo prometo acompa\u00f1ar, aportar mi grano de arena para transformar el Chaco en la mejor provincia argentina, porque tienen todo para hacerlo\u201d.<br \/>\nDel Chaco al mundo Por decisi\u00f3n de la firma, los productos se exportar\u00e1n con un logo que incluir\u00e1 al escudo del Chaco. Mohanna cont\u00f3 que la idea surgi\u00f3 tras un viaje por Brasil en el que not\u00f3 que un producto c\u00e1rnico ten\u00eda el escudo de una de las provincias de ese pa\u00eds. \u201cEse d\u00eda entend\u00ed que, en cada paquete que se exporte, el Chaco se proyectar\u00e1 al mundo con su escudo de la provincia y la bandera argentina luciendo en los productos\u201d, dijo y a\u00f1adi\u00f3: \u201cEstoy muy orgulloso de este bendito pa\u00eds que me abri\u00f3 las puertas y muy agradecido con el pueblo chaque\u00f1o, as\u00ed que trabajaremos para a aportar a la transformaci\u00f3n de esta provincia\u201d.<\/div>\n","protected":false},"excerpt":{"rendered":"<p>Tras la reapertura que requiri\u00f3 una inversi\u00f3n de 2,5 millones de d\u00f3lares, el frigor\u00edfico busca ser modelo en la regi\u00f3n. \u201cVenimos a devolverle la dignidad a la gente, con un trabajo 100% en blanco\u201d, asegur\u00f3 Mohanna. Se trata de una planta de faenamiento bovino con capacidad y caracter\u00edstica de exportaci\u00f3n \u00fanica en el nordeste argentino. [&hellip;]<\/p>\n","protected":false},"author":1,"featured_media":26860,"comment_status":"closed","ping_status":"closed","sticky":false,"template":"","format":"standard","meta":{"footnotes":""},"categories":[6],"tags":[],"class_list":{"0":"post-26859","1":"post","2":"type-post","3":"status-publish","4":"format-standard","5":"has-post-thumbnail","7":"category-chaco"},"_links":{"self":[{"href":"https:\/\/chacosintesis.com.ar\/index.php\/wp-json\/wp\/v2\/posts\/26859","targetHints":{"allow":["GET"]}}],"collection":[{"href":"https:\/\/chacosintesis.com.ar\/index.php\/wp-json\/wp\/v2\/posts"}],"about":[{"href":"https:\/\/chacosintesis.com.ar\/index.php\/wp-json\/wp\/v2\/types\/post"}],"author":[{"embeddable":true,"href":"https:\/\/chacosintesis.com.ar\/index.php\/wp-json\/wp\/v2\/users\/1"}],"replies":[{"embeddable":true,"href":"https:\/\/chacosintesis.com.ar\/index.php\/wp-json\/wp\/v2\/comments?post=26859"}],"version-history":[{"count":0,"href":"https:\/\/chacosintesis.com.ar\/index.php\/wp-json\/wp\/v2\/posts\/26859\/revisions"}],"wp:featuredmedia":[{"embeddable":true,"href":"https:\/\/chacosintesis.com.ar\/index.php\/wp-json\/wp\/v2\/media\/26860"}],"wp:attachment":[{"href":"https:\/\/chacosintesis.com.ar\/index.php\/wp-json\/wp\/v2\/media?parent=26859"}],"wp:term":[{"taxonomy":"category","embeddable":true,"href":"https:\/\/chacosintesis.com.ar\/index.php\/wp-json\/wp\/v2\/categories?post=26859"},{"taxonomy":"post_tag","embeddable":true,"href":"https:\/\/chacosintesis.com.ar\/index.php\/wp-json\/wp\/v2\/tags?post=26859"}],"curies":[{"name":"wp","href":"https:\/\/api.w.org\/{rel}","templated":true}]}}