{"id":26857,"date":"2023-09-11T20:15:03","date_gmt":"2023-09-11T23:15:03","guid":{"rendered":"https:\/\/chacosintesis.com.ar\/?p=26857"},"modified":"2023-09-11T20:37:30","modified_gmt":"2023-09-11T23:37:30","slug":"la-altura-del-parana-podria-generar-complicaciones-a-partir-de-pronosticos-de-lluvia","status":"publish","type":"post","link":"https:\/\/chacosintesis.com.ar\/index.php\/la-altura-del-parana-podria-generar-complicaciones-a-partir-de-pronosticos-de-lluvia\/","title":{"rendered":"La altura del Paran\u00e1 podr\u00eda generar complicaciones a partir de pron\u00f3sticos de lluvia"},"content":{"rendered":"<div class=\"postie-post\">Seg\u00fan las proyecciones, hacia fin de a\u00f1o podr\u00edan producirse precipitaciones \u201cpor encima de lo normal\u201d en las altas cuencas del r\u00edo, lo que abre la posibilidad de que se produzcan crecidas importantes. Para los pr\u00f3ximos d\u00edas, se espera que el nivel se mantenga estable e incluso que pueda bajar levemente.<br \/>\nLa declaraci\u00f3n oficial de la llegada de El Ni\u00f1o y el inicio de la temporada de lluvias m\u00e1s importante en la regi\u00f3n abrieron interrogantes respecto del comportamiento, a corto y mediano plazo, del r\u00edo Paran\u00e1. Superada la bajante m\u00e1s importante de la historia, existen posibilidades que la tendencia se revierta de tal forma que comience a generar algunas complicaciones conocidas en esta parte del NEA, como algunas inundaciones en las zonas ribere\u00f1as tanto del Chaco como de Corrientes.<br \/>\nHasta ahora, los especialistas prefieren la cautela, m\u00e1s all\u00e1 de versiones que se difundieron el \u00faltimo fin de semana, que hablaban de una inminente crecida del r\u00edo. En declaraciones a la Agencia FOCO, el expresidente de la Administraci\u00f3n Provincial del Agua (APA) y especialista en temas h\u00eddricos, Hugo Rohrmann, asegur\u00f3 que \u201cno hay crecida extraordinaria\u201d del Paran\u00e1, m\u00e1s all\u00e1 que el conflicto entre paraguayos y argentinos por las tasas de la hidrov\u00eda puedan haber generado la apertura inconsulta de compuertas A\u00f1a Cu\u00e1, como la que ocurri\u00f3 el 4 de septiembre. \u201cPasando en limpio el Paran\u00e1, no se va a mover y, de hecho, en 3 o 4 d\u00edas, ac\u00e1 en el Chaco bajar\u00e1\u201d, anticip\u00f3.<br \/>\nDe todas maneras, el especialista coment\u00f3 que \u201chay que estar atentos de ahora a fin de a\u00f1o, ya que seg\u00fan perspectivas de lluvias trimestrales, si se cumplen (por encima de lo normal), se pueden generar crecidas con inundaciones\u201d. El pron\u00f3stico de lluvias para los pr\u00f3ximos 7 d\u00edas no indica precipitaciones abundantes en las altas cuencas del r\u00edo, como tampoco en el tramo Paraguayo -Argentino. Podr\u00edan darse lluvias pero moderadas pero no tendr\u00edan la capacidad para generar un cambio importante en el nivel del Paran\u00e1 en esta regi\u00f3n.<br \/>\n\u00bfC\u00f3mo seguir\u00e1 el tiempo?<br \/>\nSeg\u00fan el Servicio Meteorol\u00f3gico Nacional (SMN), buena parte de la provincia del Chaco contin\u00faa en alerta amarilla, esto implica que el \u00e1rea se ver\u00e1 afectada por vientos del sector sur con velocidades entre 35 y 50 km\/h, con r\u00e1fagas que pueden alcanzar los 75 km\/h. Las probabilidades m\u00e1s altas de que se produzcan estos fen\u00f3menos corresponden a las \u00faltimas horas de este martes.<br \/>\nJunto con el viento, comenzar\u00eda a incrementarse la nubosidad y las condiciones del tiempo se volver\u00edan inestables. Para la jornada del martes, se esperan lluvias y tormentas aisladas, aunque algunas podr\u00edan ser localmente intensas.<br \/>\nSeg\u00fan el organismo nacional, se producir\u00eda adem\u00e1s un descenso bastante marcado de la temperatura, con la m\u00ednima ubic\u00e1ndose en torno a los 13\u00b0 y la m\u00e1xima cerca de los 17\u00b0, para la jornada del mi\u00e9rcoles.<\/div>\n","protected":false},"excerpt":{"rendered":"<p>Seg\u00fan las proyecciones, hacia fin de a\u00f1o podr\u00edan producirse precipitaciones \u201cpor encima de lo normal\u201d en las altas cuencas del r\u00edo, lo que abre la posibilidad de que se produzcan crecidas importantes. Para los pr\u00f3ximos d\u00edas, se espera que el nivel se mantenga estable e incluso que pueda bajar levemente. La declaraci\u00f3n oficial de la [&hellip;]<\/p>\n","protected":false},"author":1,"featured_media":26858,"comment_status":"closed","ping_status":"closed","sticky":false,"template":"","format":"standard","meta":{"footnotes":""},"categories":[6],"tags":[],"class_list":{"0":"post-26857","1":"post","2":"type-post","3":"status-publish","4":"format-standard","5":"has-post-thumbnail","7":"category-chaco"},"_links":{"self":[{"href":"https:\/\/chacosintesis.com.ar\/index.php\/wp-json\/wp\/v2\/posts\/26857","targetHints":{"allow":["GET"]}}],"collection":[{"href":"https:\/\/chacosintesis.com.ar\/index.php\/wp-json\/wp\/v2\/posts"}],"about":[{"href":"https:\/\/chacosintesis.com.ar\/index.php\/wp-json\/wp\/v2\/types\/post"}],"author":[{"embeddable":true,"href":"https:\/\/chacosintesis.com.ar\/index.php\/wp-json\/wp\/v2\/users\/1"}],"replies":[{"embeddable":true,"href":"https:\/\/chacosintesis.com.ar\/index.php\/wp-json\/wp\/v2\/comments?post=26857"}],"version-history":[{"count":0,"href":"https:\/\/chacosintesis.com.ar\/index.php\/wp-json\/wp\/v2\/posts\/26857\/revisions"}],"wp:featuredmedia":[{"embeddable":true,"href":"https:\/\/chacosintesis.com.ar\/index.php\/wp-json\/wp\/v2\/media\/26858"}],"wp:attachment":[{"href":"https:\/\/chacosintesis.com.ar\/index.php\/wp-json\/wp\/v2\/media?parent=26857"}],"wp:term":[{"taxonomy":"category","embeddable":true,"href":"https:\/\/chacosintesis.com.ar\/index.php\/wp-json\/wp\/v2\/categories?post=26857"},{"taxonomy":"post_tag","embeddable":true,"href":"https:\/\/chacosintesis.com.ar\/index.php\/wp-json\/wp\/v2\/tags?post=26857"}],"curies":[{"name":"wp","href":"https:\/\/api.w.org\/{rel}","templated":true}]}}