{"id":26855,"date":"2023-09-11T20:08:40","date_gmt":"2023-09-11T23:08:40","guid":{"rendered":"https:\/\/chacosintesis.com.ar\/?p=26855"},"modified":"2023-09-11T20:37:26","modified_gmt":"2023-09-11T23:37:26","slug":"altotek-inicio-busquedas-laborales-para-cubrir-70-puestos-de-trabajo","status":"publish","type":"post","link":"https:\/\/chacosintesis.com.ar\/index.php\/altotek-inicio-busquedas-laborales-para-cubrir-70-puestos-de-trabajo\/","title":{"rendered":"Altotek inici\u00f3 b\u00fasquedas laborales para cubrir 70 puestos de trabajo"},"content":{"rendered":"<div class=\"postie-post\">Se\u00f1alan la amplitud de las b\u00fasquedas y que buscan llegar a cubrir 360 vacantes con el correr de las semanas, ya que son 120 lugares por turno.<br \/>\nLa empresa textil Altotek inici\u00f3 una b\u00fasqueda laboral para cubrir 70 puestos de trabajo en la primera etapa. Desde el emprendimiento habilitado el pasado 2 de septiembre, D\u00eda de la Industria, se\u00f1alaronn la amplitud de las b\u00fasquedas y que buscan llegar a cubrir 360 vacantes con el correr de las semanas.<br \/>\nSe trata de una de las cuatro plantas de este tipo existentes en la Argentina y la \u00fanica del Norte Grande. Genera 120 empleos para llegar a los 750 con una producci\u00f3n mensual de 18.000 pantalones, 15.000 remeras lisas de algod\u00f3n, y 50.000 prendas lavadas por turno. La b\u00fasqueda laboral que inici\u00f3 esta semana est\u00e1 habilitada para: Administrativo\/Contable, Log\u00edstica, Jefe de Taller, Confeccionista, Corte y molder\u00eda, Jefe de lavadero, Operario de Lavadero y T\u00e9cnico para Mantenimiento de Maquinaria. Los y las interesadas deber\u00e1n enviar su CV a <a href=\"mailto:altotek.argentina@gmail.com\">altotek.argentina@gmail.com<\/a>.<br \/>\n\u201cQueremos ser bastante abiertos en ese sentido. Por lo cual en cuanto a g\u00e9nero es totalmente indistinto, no tenemos ning\u00fan tipo de problema. Incluso con las personas de g\u00e9nero no binario, est\u00e1n todos y todas bienvenidos\u201d, se\u00f1al\u00f3. Con respecto al rango etario tampoco, pueden tener 18 a\u00f1os como 80, para nosotros eso tambi\u00e9n es indistinto, lo \u00fanico necesitamos que obviamente sean mayores de edad, pero despu\u00e9s el m\u00ednimo o el m\u00e1ximo no hacemos distinci\u00f3n nosotros\u201d, explic\u00f3 el due\u00f1o de Altotek, Rodrigo Ojeda.<br \/>\nSobre el conocimiento previo, destac\u00f3 que lo ideal ser\u00eda que tengan experiencia en confecci\u00f3n. \u201cTiene que tener un conocimiento m\u00ednimo, ya sea haber terminado el curso, que se hizo un curso ac\u00e1 de capacitaci\u00f3n textil, que lo hizo el Ministerio de Industria, o alg\u00fan conocimiento b\u00e1sico en el manejo de m\u00e1quinas textiles\u201d, insisti\u00f3. \u201cEl resto de los puestos obviamente tienen experiencia comprobable si es para log\u00edstica o si es para administrativo contable, obviamente tienen que tener un tipo de experiencia comprobable\u201d, detall\u00f3.<br \/>\nEl orgullo de generar trabajo chaque\u00f1o<br \/>\n\u201cEste es un trabajo que se viene dando desde hace m\u00e1s de un a\u00f1o. Llegar hasta este momento de lanzar las b\u00fasquedas laborales es de total orgullo para nosotros como empresarios. Es el inicio, porque si bien hoy estamos haciendo b\u00fasquedas alrededor de 70 puestos de trabajo, vamos a completar m\u00e1s de 360 puestos de trabajo, porque son 120 puestos de trabajo por turno\u201d, detall\u00f3 Ojeda.<br \/>\nEl empresario adelant\u00f3 que adem\u00e1s es una primera etapa. \u201cPorque ya estamos empezando el proyecto para la segunda nave, que la tenemos que construir, en donde se va a confeccionar ropa deportiva tambi\u00e9n para diferentes marcas internacionales. Y hoy vamos a comenzar con m\u00e1s de 17 licencias internacionales, por lo cual para nosotros como empresarios y como chaque\u00f1os es un enorme honor poder contar con estas marcas que nos acompa\u00f1an\u201d, destac\u00f3.<br \/>\nAltoTek est\u00e1 completando certificaciones para trabajar para marcas como Forever 21, Joma, Tascani, y New Balance entre otras. A principio de este mes, el gobernador Jorge Capitanich acompa\u00f1\u00f3 la inauguraci\u00f3n de la planta textil Altotek, ubicada en el parque industrial de Puerto Tirol y que produce prendas de vestir a gran escala. La inauguraci\u00f3n permiti\u00f3 que la provincia cuente con una cadena de valor textil totalmente integrada, que va desde la producci\u00f3n de semillas de algod\u00f3n hasta la confecci\u00f3n de prendas.<br \/>\n\u201cEsto es generar valor agregado en origen, m\u00e1s empleo y mejores salarios en la casa de cada chaque\u00f1o y cada chaque\u00f1a. A nosotros no nos gusta hablar de m\u00e1s, simplemente hacemos lo que tenemos que hacer\u201d, subray\u00f3 Capitanich.<\/div>\n","protected":false},"excerpt":{"rendered":"<p>Se\u00f1alan la amplitud de las b\u00fasquedas y que buscan llegar a cubrir 360 vacantes con el correr de las semanas, ya que son 120 lugares por turno. La empresa textil Altotek inici\u00f3 una b\u00fasqueda laboral para cubrir 70 puestos de trabajo en la primera etapa. Desde el emprendimiento habilitado el pasado 2 de septiembre, D\u00eda [&hellip;]<\/p>\n","protected":false},"author":1,"featured_media":26856,"comment_status":"closed","ping_status":"closed","sticky":false,"template":"","format":"standard","meta":{"footnotes":""},"categories":[6],"tags":[],"class_list":{"0":"post-26855","1":"post","2":"type-post","3":"status-publish","4":"format-standard","5":"has-post-thumbnail","7":"category-chaco"},"_links":{"self":[{"href":"https:\/\/chacosintesis.com.ar\/index.php\/wp-json\/wp\/v2\/posts\/26855","targetHints":{"allow":["GET"]}}],"collection":[{"href":"https:\/\/chacosintesis.com.ar\/index.php\/wp-json\/wp\/v2\/posts"}],"about":[{"href":"https:\/\/chacosintesis.com.ar\/index.php\/wp-json\/wp\/v2\/types\/post"}],"author":[{"embeddable":true,"href":"https:\/\/chacosintesis.com.ar\/index.php\/wp-json\/wp\/v2\/users\/1"}],"replies":[{"embeddable":true,"href":"https:\/\/chacosintesis.com.ar\/index.php\/wp-json\/wp\/v2\/comments?post=26855"}],"version-history":[{"count":0,"href":"https:\/\/chacosintesis.com.ar\/index.php\/wp-json\/wp\/v2\/posts\/26855\/revisions"}],"wp:featuredmedia":[{"embeddable":true,"href":"https:\/\/chacosintesis.com.ar\/index.php\/wp-json\/wp\/v2\/media\/26856"}],"wp:attachment":[{"href":"https:\/\/chacosintesis.com.ar\/index.php\/wp-json\/wp\/v2\/media?parent=26855"}],"wp:term":[{"taxonomy":"category","embeddable":true,"href":"https:\/\/chacosintesis.com.ar\/index.php\/wp-json\/wp\/v2\/categories?post=26855"},{"taxonomy":"post_tag","embeddable":true,"href":"https:\/\/chacosintesis.com.ar\/index.php\/wp-json\/wp\/v2\/tags?post=26855"}],"curies":[{"name":"wp","href":"https:\/\/api.w.org\/{rel}","templated":true}]}}