{"id":26851,"date":"2023-09-11T20:04:43","date_gmt":"2023-09-11T23:04:43","guid":{"rendered":"https:\/\/chacosintesis.com.ar\/?p=26851"},"modified":"2023-09-11T20:37:16","modified_gmt":"2023-09-11T23:37:16","slug":"elecciones-provinciales-374-son-los-establecimientos-habilitados-para-votar","status":"publish","type":"post","link":"https:\/\/chacosintesis.com.ar\/index.php\/elecciones-provinciales-374-son-los-establecimientos-habilitados-para-votar\/","title":{"rendered":"Elecciones provinciales: 374 son los establecimientos habilitados para votar"},"content":{"rendered":"<div class=\"postie-post\">La Direcci\u00f3n General de Gesti\u00f3n Educativa inform\u00f3 acerca de la selecci\u00f3n, bonificaci\u00f3n especial para el personal de servicio y funcionamiento, en el d\u00eda posterior al sufragio.<br \/>\nEl Ministerio de Educaci\u00f3n, a trav\u00e9s de la Direcci\u00f3n General de Gesti\u00f3n Educativa, dispuso que 374 establecimientos educativos de toda la provincia est\u00e9n afectados a las elecciones provinciales, que se desarrollar\u00e1n este domingo 17 de septiembre.<br \/>\nEnrique Soto, a cargo de la mencionada direcci\u00f3n, se\u00f1al\u00f3 que los establecimientos seleccionados surgieron de un trabajo conjunto entre la cartera, las direcciones regionales educativas y la Secretar\u00eda Electoral, y que en este momento equipos de la Subsecretar\u00eda de Infraestructura Escolar y de empresas privadas contratadas al efecto se encuentran ultimando detalles para que dichas escuelas se encuentren en \u00f3ptimas condiciones edilicias.<br \/>\nCabe destacar que, al igual que en elecciones anteriores, el Ministerio de Educaci\u00f3n tramit\u00f3 una bonificaci\u00f3n especial para el personal de servicio de las escuelas afectadas, as\u00ed como tambi\u00e9n para personal becado que depende de la cartera (ex beca 311) para que cumplan una guardia permanente en las escuelas durante los comicios, a los efectos de garantizar la higiene y limpieza de cada establecimiento.<br \/>\nCon respecto a la jornada del lunes posterior a las elecciones, Soto confirm\u00f3 que las escuelas afectadas no tendr\u00e1n actividades por la ma\u00f1ana, en el caso de tratarse de escuelas de jornada simple; pero s\u00ed tendr\u00e1n clases normalmente en el turno tarde. Las escuelas de jornada completa, por su parte, suspender\u00e1n su actividad de toda la jornada. Esto responde a la necesidad de llevar adelante, durante la ma\u00f1ana del lunes, todas las tareas de limpieza y de reacondicionamiento de las aulas y de los diferentes espacios para recibir nuevamente a estudiantes y docentes.<\/div>\n","protected":false},"excerpt":{"rendered":"<p>La Direcci\u00f3n General de Gesti\u00f3n Educativa inform\u00f3 acerca de la selecci\u00f3n, bonificaci\u00f3n especial para el personal de servicio y funcionamiento, en el d\u00eda posterior al sufragio. El Ministerio de Educaci\u00f3n, a trav\u00e9s de la Direcci\u00f3n General de Gesti\u00f3n Educativa, dispuso que 374 establecimientos educativos de toda la provincia est\u00e9n afectados a las elecciones provinciales, que [&hellip;]<\/p>\n","protected":false},"author":1,"featured_media":26852,"comment_status":"closed","ping_status":"closed","sticky":false,"template":"","format":"standard","meta":{"footnotes":""},"categories":[6],"tags":[],"class_list":{"0":"post-26851","1":"post","2":"type-post","3":"status-publish","4":"format-standard","5":"has-post-thumbnail","7":"category-chaco"},"_links":{"self":[{"href":"https:\/\/chacosintesis.com.ar\/index.php\/wp-json\/wp\/v2\/posts\/26851","targetHints":{"allow":["GET"]}}],"collection":[{"href":"https:\/\/chacosintesis.com.ar\/index.php\/wp-json\/wp\/v2\/posts"}],"about":[{"href":"https:\/\/chacosintesis.com.ar\/index.php\/wp-json\/wp\/v2\/types\/post"}],"author":[{"embeddable":true,"href":"https:\/\/chacosintesis.com.ar\/index.php\/wp-json\/wp\/v2\/users\/1"}],"replies":[{"embeddable":true,"href":"https:\/\/chacosintesis.com.ar\/index.php\/wp-json\/wp\/v2\/comments?post=26851"}],"version-history":[{"count":0,"href":"https:\/\/chacosintesis.com.ar\/index.php\/wp-json\/wp\/v2\/posts\/26851\/revisions"}],"wp:featuredmedia":[{"embeddable":true,"href":"https:\/\/chacosintesis.com.ar\/index.php\/wp-json\/wp\/v2\/media\/26852"}],"wp:attachment":[{"href":"https:\/\/chacosintesis.com.ar\/index.php\/wp-json\/wp\/v2\/media?parent=26851"}],"wp:term":[{"taxonomy":"category","embeddable":true,"href":"https:\/\/chacosintesis.com.ar\/index.php\/wp-json\/wp\/v2\/categories?post=26851"},{"taxonomy":"post_tag","embeddable":true,"href":"https:\/\/chacosintesis.com.ar\/index.php\/wp-json\/wp\/v2\/tags?post=26851"}],"curies":[{"name":"wp","href":"https:\/\/api.w.org\/{rel}","templated":true}]}}