{"id":26847,"date":"2023-09-11T19:55:16","date_gmt":"2023-09-11T22:55:16","guid":{"rendered":"https:\/\/chacosintesis.com.ar\/?p=26847"},"modified":"2023-09-11T20:37:07","modified_gmt":"2023-09-11T23:37:07","slug":"salud-publica-incorpora-profesionales-en-fonoaudiologia","status":"publish","type":"post","link":"https:\/\/chacosintesis.com.ar\/index.php\/salud-publica-incorpora-profesionales-en-fonoaudiologia\/","title":{"rendered":"Salud P\u00fablica incorpora profesionales en Fonoaudiolog\u00eda"},"content":{"rendered":"<div class=\"postie-post\">Pueden enviar sus curr\u00edculos licenciadas y licenciados, para emprender \u201cun nuevo desaf\u00edo profesional\u201d. Compartir Twittear Correo electr\u00f3nico Compartir<br \/>\nEl Ministerio de Salud P\u00fablica del Chaco incorpora licenciadas y licenciados en Fonoaudiolog\u00eda para incorporar a su equipo. Si sos profesional y quer\u00e9s formar parte del staff, podes enviar tu curr\u00edculo a <a href=\"mailto:salud@chaco.gob.ar\">salud@chaco.gob.ar<\/a><br \/>\nLa convocatoria implica \u201cun nuevo desaf\u00edo profesional, para personas comprometidas y entusiastas\u201d, aseguraron desde la cartera en redes sociales.<\/div>\n","protected":false},"excerpt":{"rendered":"<p>Pueden enviar sus curr\u00edculos licenciadas y licenciados, para emprender \u201cun nuevo desaf\u00edo profesional\u201d. Compartir Twittear Correo electr\u00f3nico Compartir El Ministerio de Salud P\u00fablica del Chaco incorpora licenciadas y licenciados en Fonoaudiolog\u00eda para incorporar a su equipo. Si sos profesional y quer\u00e9s formar parte del staff, podes enviar tu curr\u00edculo a salud@chaco.gob.ar La convocatoria implica \u201cun [&hellip;]<\/p>\n","protected":false},"author":1,"featured_media":26848,"comment_status":"closed","ping_status":"closed","sticky":false,"template":"","format":"standard","meta":{"footnotes":""},"categories":[6],"tags":[],"class_list":{"0":"post-26847","1":"post","2":"type-post","3":"status-publish","4":"format-standard","5":"has-post-thumbnail","7":"category-chaco"},"_links":{"self":[{"href":"https:\/\/chacosintesis.com.ar\/index.php\/wp-json\/wp\/v2\/posts\/26847","targetHints":{"allow":["GET"]}}],"collection":[{"href":"https:\/\/chacosintesis.com.ar\/index.php\/wp-json\/wp\/v2\/posts"}],"about":[{"href":"https:\/\/chacosintesis.com.ar\/index.php\/wp-json\/wp\/v2\/types\/post"}],"author":[{"embeddable":true,"href":"https:\/\/chacosintesis.com.ar\/index.php\/wp-json\/wp\/v2\/users\/1"}],"replies":[{"embeddable":true,"href":"https:\/\/chacosintesis.com.ar\/index.php\/wp-json\/wp\/v2\/comments?post=26847"}],"version-history":[{"count":0,"href":"https:\/\/chacosintesis.com.ar\/index.php\/wp-json\/wp\/v2\/posts\/26847\/revisions"}],"wp:featuredmedia":[{"embeddable":true,"href":"https:\/\/chacosintesis.com.ar\/index.php\/wp-json\/wp\/v2\/media\/26848"}],"wp:attachment":[{"href":"https:\/\/chacosintesis.com.ar\/index.php\/wp-json\/wp\/v2\/media?parent=26847"}],"wp:term":[{"taxonomy":"category","embeddable":true,"href":"https:\/\/chacosintesis.com.ar\/index.php\/wp-json\/wp\/v2\/categories?post=26847"},{"taxonomy":"post_tag","embeddable":true,"href":"https:\/\/chacosintesis.com.ar\/index.php\/wp-json\/wp\/v2\/tags?post=26847"}],"curies":[{"name":"wp","href":"https:\/\/api.w.org\/{rel}","templated":true}]}}