{"id":26839,"date":"2023-09-11T19:48:16","date_gmt":"2023-09-11T22:48:16","guid":{"rendered":"https:\/\/chacosintesis.com.ar\/?p=26839"},"modified":"2023-09-11T20:36:47","modified_gmt":"2023-09-11T23:36:47","slug":"quitilipi-130-artesanos-se-reunieron-en-la-feria-de-artesania-chaquena-y-fiesta-nacional-del-arte-indigena","status":"publish","type":"post","link":"https:\/\/chacosintesis.com.ar\/index.php\/quitilipi-130-artesanos-se-reunieron-en-la-feria-de-artesania-chaquena-y-fiesta-nacional-del-arte-indigena\/","title":{"rendered":"Quitilipi: 130 artesanos se reunieron en la Feria de Artesan\u00eda Chaque\u00f1a y Fiesta Nacional del Arte Ind\u00edgena"},"content":{"rendered":"<div class=\"postie-post\">El festival popular cont\u00f3 con una amplia grilla de artistas, que culmin\u00f3 con la presentaci\u00f3n del Coro Qom Chelaalap\u00ed.<br \/>\nLa 46\u00aa Feria de Artesan\u00eda Ind\u00edgena Chaque\u00f1a y 12\u00aa Fiesta Nacional del Arte Ind\u00edgena reuni\u00f3 a 130 artesanos originarios en el Predio Santa Pino Fern\u00e1ndez de Quitilipi este fin de semana. Destacaron el espacio como un evento para desarollar la cultura y dar a conocer la cadena de valor de artesan\u00edas.<br \/>\nDurante el fin de semana se desarroll\u00f3 la 46\u00aa Feria de Artesan\u00eda Ind\u00edgena Chaque\u00f1a y 12\u00aa Fiesta Nacional del Arte Ind\u00edgena, en el Predio Santa Pino Fern\u00e1ndez de Quitilipi.&#8221;Una variedad de piezas confeccionadas artesanalmente fueron expuestas para su comercializaci\u00f3n. Se realizaron los talleres de tejido en chaguar y cester\u00eda dictados por maestras artesanas ind\u00edgenas de trayectoria, conferencias y el Foro de Artesanos Ind\u00edgenas\u201d, explic\u00f3 el Instituto de Cultura.<\/p>\n<p>El festival popular cont\u00f3 con una amplia grilla de artistas, que culmin\u00f3 con la presentaci\u00f3n del Coro Qom Chelaalap\u00ed.<br \/>\nParticiparon 130 artesanos originarias de las localidades de Colonia Aborigen (Quitilipi), S\u00e1enz Pe\u00f1a, Sauzalito, Miraflores, Pampa del Indio, San Bernardo, General Pinedo, Misi\u00f3n Nueva Pompeya, Villa \u00c1ngela, Charata, Villa Berthet, Juan Jos\u00e9 Castelli, Miraflores, El Espinillo, Resistencia, La Tigra, Tres Isletas, Fort\u00edn Lavalle, Villa R\u00edo Bermejito, Comandancia Fr\u00edas, La Matanza (Quitilipi), Fontana e invitados especiales de Jujuy, Formosa y Misiones.<br \/>\n\u201cCon una extensa historia, el evento posiciona a artesanos y artesanas chaque\u00f1as en la escena nacional y contribuye al fortalecimiento de la cadena de valor de las artesan\u00edas ind\u00edgenas\u201d, destacaron.<\/p><\/div>\n","protected":false},"excerpt":{"rendered":"<p>El festival popular cont\u00f3 con una amplia grilla de artistas, que culmin\u00f3 con la presentaci\u00f3n del Coro Qom Chelaalap\u00ed. La 46\u00aa Feria de Artesan\u00eda Ind\u00edgena Chaque\u00f1a y 12\u00aa Fiesta Nacional del Arte Ind\u00edgena reuni\u00f3 a 130 artesanos originarios en el Predio Santa Pino Fern\u00e1ndez de Quitilipi este fin de semana. Destacaron el espacio como un [&hellip;]<\/p>\n","protected":false},"author":1,"featured_media":26840,"comment_status":"closed","ping_status":"closed","sticky":false,"template":"","format":"standard","meta":{"footnotes":""},"categories":[6],"tags":[],"class_list":{"0":"post-26839","1":"post","2":"type-post","3":"status-publish","4":"format-standard","5":"has-post-thumbnail","7":"category-chaco"},"_links":{"self":[{"href":"https:\/\/chacosintesis.com.ar\/index.php\/wp-json\/wp\/v2\/posts\/26839","targetHints":{"allow":["GET"]}}],"collection":[{"href":"https:\/\/chacosintesis.com.ar\/index.php\/wp-json\/wp\/v2\/posts"}],"about":[{"href":"https:\/\/chacosintesis.com.ar\/index.php\/wp-json\/wp\/v2\/types\/post"}],"author":[{"embeddable":true,"href":"https:\/\/chacosintesis.com.ar\/index.php\/wp-json\/wp\/v2\/users\/1"}],"replies":[{"embeddable":true,"href":"https:\/\/chacosintesis.com.ar\/index.php\/wp-json\/wp\/v2\/comments?post=26839"}],"version-history":[{"count":0,"href":"https:\/\/chacosintesis.com.ar\/index.php\/wp-json\/wp\/v2\/posts\/26839\/revisions"}],"wp:featuredmedia":[{"embeddable":true,"href":"https:\/\/chacosintesis.com.ar\/index.php\/wp-json\/wp\/v2\/media\/26840"}],"wp:attachment":[{"href":"https:\/\/chacosintesis.com.ar\/index.php\/wp-json\/wp\/v2\/media?parent=26839"}],"wp:term":[{"taxonomy":"category","embeddable":true,"href":"https:\/\/chacosintesis.com.ar\/index.php\/wp-json\/wp\/v2\/categories?post=26839"},{"taxonomy":"post_tag","embeddable":true,"href":"https:\/\/chacosintesis.com.ar\/index.php\/wp-json\/wp\/v2\/tags?post=26839"}],"curies":[{"name":"wp","href":"https:\/\/api.w.org\/{rel}","templated":true}]}}