{"id":26823,"date":"2023-09-11T18:45:58","date_gmt":"2023-09-11T21:45:58","guid":{"rendered":"https:\/\/chacosintesis.com.ar\/?p=26823"},"modified":"2023-09-11T19:06:53","modified_gmt":"2023-09-11T22:06:53","slug":"premio-nacional-al-gobierno-electronico-obtenido-en-las-jornadas-argentinas-de-informatica","status":"publish","type":"post","link":"https:\/\/chacosintesis.com.ar\/index.php\/premio-nacional-al-gobierno-electronico-obtenido-en-las-jornadas-argentinas-de-informatica\/","title":{"rendered":"Premio nacional al Gobierno Electr\u00f3nico obtenido en las Jornadas Argentinas de Inform\u00e1tica"},"content":{"rendered":"<div class=\"postie-post\">El trabajo elaborado contuvo tanto la descripci\u00f3n de la experiencia de Chaco, de Neuqu\u00e9n y de La Pampa en la implementaci\u00f3n de un Ecosistema Digital de Integrabilidad.<br \/>\nLa Subsecretar\u00eda de Modernizaci\u00f3n del Estado de la provincia del Chaco estuvo presente en la 52\u00b0 edici\u00f3n de las Jornadas Argentinas de Inform\u00e1tica (JAIIO). Yanina Vallejos, directora de Sistemas e Interoperabilidad de la Direcci\u00f3n General de Tecnolog\u00eda de Informaci\u00f3n y Comunicaci\u00f3n, particip\u00f3 en dicho espacio como co-autora y expositora del paper \u201cLos ecosistemas digitales de integrabilidad y su normalizaci\u00f3n como medio para favorecer la innovaci\u00f3n tecnol\u00f3gica\u201d.<br \/>\nEste trabajo obtuvo el Premio Nacional de Gobierno Electr\u00f3nico, galard\u00f3n que se otorga dentro del Simposio de Inform\u00e1tica en el Estado en la categor\u00eda Iniciativa de \u00c9xito en reconocimiento a los esfuerzos realizados desde la Administraci\u00f3n P\u00fablica, la Academia y la Industria en pos del desarrollo de esta tem\u00e1tica al Servicio de la Sociedad. El evento se desarroll\u00f3  desde el pasado lunes 4 de setiembre  hasta el viernes 8 de setiembre. En la misma se trataron temas como la Inteligencia Artificial, la Ingenier\u00eda de Software, la Ciberseguridad, e Inform\u00e1tica en el Estado, entre otros, agrupados en distintos simposios.<\/p>\n<p>El art\u00edculo comentado en el simposio en cuesti\u00f3n fue confeccionado por Patricia Baz\u00e1n (Universidad Nacional de la Plata), Horacio Luz Clara (Universidad de FASTA), Jorge Luis Ceballos (Universidad de Belgrano), Gustavo Giorgetti (Infotech), Diego Felipe Ugalde (UTN Facultad Regional de Neuqu\u00e9n), Dante Adalberto Moreno (Gobierno de La Pampa), Clarisa Soto (Gobierno de Chaco), Yanina Vallejos (Gobierno de Chaco) , Carlos Parody (Gobierno de La Pampa), Danny Fabricio Mu\u00f1oz Martini (Gobierno de Neuqu\u00e9n), Martha Nora Posse (Gobierno de Neuqu\u00e9n),  Elisa Neri Lezcano (Gobierno de La Pampa), Juli\u00e1n Belistri (Subsecretar\u00eda de Innovaci\u00f3n Administrativa) y  Silvana Rica (Subsecretar\u00eda de Innovaci\u00f3n Administrativa).<br \/>\nEl trabajo elaborado contuvo tanto la descripci\u00f3n de la experiencia de Chaco, de Neuqu\u00e9n y de La Pampa en la implementaci\u00f3n de un Ecosistema Digital de Integrabilidad (EDI). Sumado a lo anterior, en \u00e9l se abord\u00f3 la labor de redacci\u00f3n de la Norma IRAM 17610-1, que define las caracter\u00edsticas de un EDI, y requisitos que debe cumplir cualquier aplicaci\u00f3n inform\u00e1tica en torno a su capacidad para integrarse de manera abierta y segura al ecosistema. Asimismo, se ocupa de establecer los requisitos t\u00e9cnicos, organizacionales y de gesti\u00f3n, adem\u00e1s de aportar recomendaciones para un EDI.<br \/>\nEn adici\u00f3n a lo comentado, el art\u00edculo introduce la experiencia de federaci\u00f3n de ecosistemas entre Catamarca, Chaco y Naci\u00f3n a trav\u00e9s de la Subsecretaria de Innovaci\u00f3n Administrativa. Adem\u00e1s, trata conceptos claves para el desarrollo de un EDI, como lo son: Urbanismo Digital, Fuentes Aut\u00e9nticas, Interoperabilidad e Integrabilidad. En ese sentido, cabe destacar que entre ellos se alude al conjunto de reglas m\u00ednimas que posibilitan la convivencia digital, el acceso a datos correctos, completos y vigentes desde sus propias fuentes, las reglas para compartirlos, reutilizarlos y auditarlos en distintos procesos y servicios compartidos.<br \/>\nEs importante sumar que la implementaci\u00f3n del Ecosistema de Integrabilidad Provincial (EDICH), creado por el Decreto 2760\/21, se enmarca en lo propuesto en la Ley Provincial N\u00b0 3203-A de \u201cSimplificaci\u00f3n y Modernizaci\u00f3n de la Administraci\u00f3n\u201d, buscando aumentar la eficacia y la celeridad en el servicio de la administraci\u00f3n p\u00fablica. Por medio de la aplicaci\u00f3n de los conceptos previamente mencionados, se propicia una pronta y efectiva respuesta a los requerimientos de la ciudadan\u00eda y eficiente gesti\u00f3n de recursos p\u00fablicos.<br \/>\nLa implementaci\u00f3n del EDICH simplifica los tr\u00e1mites que requieren los ciudadanos, ya que los organismos p\u00fablicos, al compartir datos entre s\u00ed, producen un ahorro de tiempo y recursos para las partes involucradas por medio de la interoperabilidad con Fuentes Aut\u00e9nticas de datos. En adici\u00f3n a lo comentado, se procura tambi\u00e9n cumplir con el principio \u201cOnce Only\u201d, que propone que una persona no tenga que proporcionar al gobierno dos veces la misma informaci\u00f3n, lo que, adem\u00e1s, genera una multiplicaci\u00f3n de la informaci\u00f3n obtenida en las bases de datos. En adici\u00f3n a lo comentado, Chaco recibi\u00f3 el Premio Nacional de Gobierno Electr\u00f3nico 2023 en la modalidad Iniciativa de \u00c9xito.<br \/>\nActualmente, seg\u00fan declaraciones de Mariela Dolce, Subsecretaria de Modernizaci\u00f3n del Estado, se est\u00e1 instruyendo a m\u00e1s de 100 empleados p\u00fablicos en torno a la tecnolog\u00eda detr\u00e1s del ecosistema y a la metodolog\u00eda para su uso. \u201cQueremos que conozcan la herramienta para, eventualmente, simplificar procesos a partir de la compartici\u00f3n de datos. Ese cambio en la forma en que pensamos en la administraci\u00f3n p\u00fablica es muy importante. Buscamos que sean los organismos quienes demanden usar esta tecnolog\u00eda, y no que seamos nosotros quienes lo impulsemos\u201d, declar\u00f3 la Subsecretaria de Modernizaci\u00f3n del Estado.<br \/>\nLas JAIIO<br \/>\nLas JAIIO se realizan desde 1961, organizadas por la Sociedad Argentina de Inform\u00e1tica (SADIO). Estas jornadas re\u00fanen a investigadores, estudiantes y profesionales provenientes de la academia, la industria y el gobierno. Tanto argentinos como extranjeros se explayan con el objetivo de extender el conocimiento de la disciplina inform\u00e1tica, estimular los v\u00ednculos y promover la ense\u00f1anza, la investigaci\u00f3n y las aplicaciones en esta disciplina. Este a\u00f1o las jornadas fueron co-organizadas por la Universidad Nacional de Tres de Febrero (UNTREF) y se llevaron a cabo en formato presencial en la sede de posgrado de la casa de estudios mencionada, en la Ciudad Aut\u00f3noma de Buenos Aires.<\/p><\/div>\n","protected":false},"excerpt":{"rendered":"<p>El trabajo elaborado contuvo tanto la descripci\u00f3n de la experiencia de Chaco, de Neuqu\u00e9n y de La Pampa en la implementaci\u00f3n de un Ecosistema Digital de Integrabilidad. La Subsecretar\u00eda de Modernizaci\u00f3n del Estado de la provincia del Chaco estuvo presente en la 52\u00b0 edici\u00f3n de las Jornadas Argentinas de Inform\u00e1tica (JAIIO). Yanina Vallejos, directora de [&hellip;]<\/p>\n","protected":false},"author":1,"featured_media":26824,"comment_status":"closed","ping_status":"closed","sticky":false,"template":"","format":"standard","meta":{"footnotes":""},"categories":[6],"tags":[],"class_list":{"0":"post-26823","1":"post","2":"type-post","3":"status-publish","4":"format-standard","5":"has-post-thumbnail","7":"category-chaco"},"_links":{"self":[{"href":"https:\/\/chacosintesis.com.ar\/index.php\/wp-json\/wp\/v2\/posts\/26823","targetHints":{"allow":["GET"]}}],"collection":[{"href":"https:\/\/chacosintesis.com.ar\/index.php\/wp-json\/wp\/v2\/posts"}],"about":[{"href":"https:\/\/chacosintesis.com.ar\/index.php\/wp-json\/wp\/v2\/types\/post"}],"author":[{"embeddable":true,"href":"https:\/\/chacosintesis.com.ar\/index.php\/wp-json\/wp\/v2\/users\/1"}],"replies":[{"embeddable":true,"href":"https:\/\/chacosintesis.com.ar\/index.php\/wp-json\/wp\/v2\/comments?post=26823"}],"version-history":[{"count":0,"href":"https:\/\/chacosintesis.com.ar\/index.php\/wp-json\/wp\/v2\/posts\/26823\/revisions"}],"wp:featuredmedia":[{"embeddable":true,"href":"https:\/\/chacosintesis.com.ar\/index.php\/wp-json\/wp\/v2\/media\/26824"}],"wp:attachment":[{"href":"https:\/\/chacosintesis.com.ar\/index.php\/wp-json\/wp\/v2\/media?parent=26823"}],"wp:term":[{"taxonomy":"category","embeddable":true,"href":"https:\/\/chacosintesis.com.ar\/index.php\/wp-json\/wp\/v2\/categories?post=26823"},{"taxonomy":"post_tag","embeddable":true,"href":"https:\/\/chacosintesis.com.ar\/index.php\/wp-json\/wp\/v2\/tags?post=26823"}],"curies":[{"name":"wp","href":"https:\/\/api.w.org\/{rel}","templated":true}]}}