{"id":26821,"date":"2023-09-11T18:43:24","date_gmt":"2023-09-11T21:43:24","guid":{"rendered":"https:\/\/chacosintesis.com.ar\/?p=26821"},"modified":"2023-09-11T19:06:46","modified_gmt":"2023-09-11T22:06:46","slug":"representantes-de-consorcios-rurales-presentaron-propuestas-para-reformar-la-ley-que-los-nuclea","status":"publish","type":"post","link":"https:\/\/chacosintesis.com.ar\/index.php\/representantes-de-consorcios-rurales-presentaron-propuestas-para-reformar-la-ley-que-los-nuclea\/","title":{"rendered":"Representantes de consorcios rurales presentaron propuestas para reformar la ley que los nuclea"},"content":{"rendered":"<div class=\"postie-post\">Representantes de unos 105 consorcios presentaron un documento con iniciativas para formular un proyecto que modifique algunos art\u00edculos de la ley 6.547. &#8220;El Gobernador mostr\u00f3 su predisposici\u00f3n para encarar nuevas pol\u00edticas que signifiquen un relanzamiento de los programas productivos para la agricultura familiar&#8221;, dijeron.<br \/>\nEl gobernador Jorge Capitanich se reuni\u00f3 esta ma\u00f1ana con referentes de 105 consorcios rurales en la Casa del Campo de S\u00e1enz Pe\u00f1a. Estos consorcios atienden y prestan servicio a m\u00e1s de 12 mil peque\u00f1os productores de toda la provincia, por lo que su aporte viene siendo altamente significativo para la planificaci\u00f3n gubernamental.<br \/>\nEl referente de las ligas agrarias chaque\u00f1as y coordinador del encuentro, Osvaldo Lovey, se\u00f1al\u00f3 que \u201cel gobernador mostr\u00f3 su predisposici\u00f3n para encarar nuevas pol\u00edticas que signifiquen un relanzamiento de los programas productivos para la agricultura familiar\u201d. \u201cLos peque\u00f1os productores est\u00e1n pasando por una situaci\u00f3n complicada por la consecuencia de la sequ\u00eda, por lo que la presencia y el compromiso del gobernador es fundamental para avanzar con esta problem\u00e1tica&#8221;, dijo.<br \/>\nLos temas principales giraron en torno a la ley 6.547 -la que dio origen a los consorcios tal como se los conoce- ya que existe un consenso por parte de los trabajadores rurales para avanzar en un proyecto de reforma. \u201cPretendemos incorporar un presupuesto para los consorcios de servicio rural que sea similar al presupuesto de los consorcios camineros\u201d, detall\u00f3 Lovey.<br \/>\n\u201cQueremos que los programas productivos se desarrollen zona por zona, atendiendo a las caracter\u00edsticas productivas de cada una y que involucre a la mayor cantidad de peque\u00f1os productores. Si tenemos un mejoramiento en la recaudaci\u00f3n no tengo duda de que los programas productivos en materia de producci\u00f3n alimentaria se van a expandir\u201d, sostuvo.<br \/>\nEn el mismo sentido, el presidente del consorcio del paraje \u201cEl Silencio\u201d de Castelli, Rub\u00e9n Villar, asegur\u00f3 que \u201cla reuni\u00f3n fue muy fruct\u00edfera\u201d. \u201cEl gobernador orden\u00f3 la reforma de la ley 6547 y queda discutir el presupuesto para que podamos desarrollar la agricultura familiar en la provincia\u201d, dijo, y a\u00f1adi\u00f3: \u201cel gobernador tom\u00f3 la posta y nos va a acompa\u00f1ar en este pedido; esperamos ahora que la c\u00e1mara de diputados nos apruebe\u201d.<\/div>\n","protected":false},"excerpt":{"rendered":"<p>Representantes de unos 105 consorcios presentaron un documento con iniciativas para formular un proyecto que modifique algunos art\u00edculos de la ley 6.547. &#8220;El Gobernador mostr\u00f3 su predisposici\u00f3n para encarar nuevas pol\u00edticas que signifiquen un relanzamiento de los programas productivos para la agricultura familiar&#8221;, dijeron. El gobernador Jorge Capitanich se reuni\u00f3 esta ma\u00f1ana con referentes de [&hellip;]<\/p>\n","protected":false},"author":1,"featured_media":26822,"comment_status":"closed","ping_status":"closed","sticky":false,"template":"","format":"standard","meta":{"footnotes":""},"categories":[6],"tags":[],"class_list":{"0":"post-26821","1":"post","2":"type-post","3":"status-publish","4":"format-standard","5":"has-post-thumbnail","7":"category-chaco"},"_links":{"self":[{"href":"https:\/\/chacosintesis.com.ar\/index.php\/wp-json\/wp\/v2\/posts\/26821","targetHints":{"allow":["GET"]}}],"collection":[{"href":"https:\/\/chacosintesis.com.ar\/index.php\/wp-json\/wp\/v2\/posts"}],"about":[{"href":"https:\/\/chacosintesis.com.ar\/index.php\/wp-json\/wp\/v2\/types\/post"}],"author":[{"embeddable":true,"href":"https:\/\/chacosintesis.com.ar\/index.php\/wp-json\/wp\/v2\/users\/1"}],"replies":[{"embeddable":true,"href":"https:\/\/chacosintesis.com.ar\/index.php\/wp-json\/wp\/v2\/comments?post=26821"}],"version-history":[{"count":0,"href":"https:\/\/chacosintesis.com.ar\/index.php\/wp-json\/wp\/v2\/posts\/26821\/revisions"}],"wp:featuredmedia":[{"embeddable":true,"href":"https:\/\/chacosintesis.com.ar\/index.php\/wp-json\/wp\/v2\/media\/26822"}],"wp:attachment":[{"href":"https:\/\/chacosintesis.com.ar\/index.php\/wp-json\/wp\/v2\/media?parent=26821"}],"wp:term":[{"taxonomy":"category","embeddable":true,"href":"https:\/\/chacosintesis.com.ar\/index.php\/wp-json\/wp\/v2\/categories?post=26821"},{"taxonomy":"post_tag","embeddable":true,"href":"https:\/\/chacosintesis.com.ar\/index.php\/wp-json\/wp\/v2\/tags?post=26821"}],"curies":[{"name":"wp","href":"https:\/\/api.w.org\/{rel}","templated":true}]}}