{"id":26817,"date":"2023-09-11T18:40:47","date_gmt":"2023-09-11T21:40:47","guid":{"rendered":"https:\/\/chacosintesis.com.ar\/?p=26817"},"modified":"2023-09-11T19:06:36","modified_gmt":"2023-09-11T22:06:36","slug":"se-anunciaron-las-y-los-ganadores-del-premio-chaco","status":"publish","type":"post","link":"https:\/\/chacosintesis.com.ar\/index.php\/se-anunciaron-las-y-los-ganadores-del-premio-chaco\/","title":{"rendered":"Se anunciaron las y los ganadores del Premio Chaco"},"content":{"rendered":"<div class=\"postie-post\">El anuncio fue realizado en la apertura de la exposici\u00f3n del Segundo Sal\u00f3n Nacional de Artes Visuales del Chaco &#8211; Premio Chaco, donde se presentaron las 20 obras seleccionadas de las 275 postulaciones que se recibieron desde todo el pa\u00eds durante el per\u00edodo de convocatoria.<br \/>\nEl s\u00e1bado 9 de septiembre, en la Sala I del MUBA ubicada en la planta baja de la Casa de las Culturas, se anunciaron las y los ganadores del Premio Chaco. El anuncio fue realizado en la apertura de la exposici\u00f3n del Segundo Sal\u00f3n Nacional de Artes Visuales del Chaco &#8211; Premio Chaco, donde se presentaron las 20 obras seleccionadas de las 275 postulaciones que se recibieron desde todo el pa\u00eds durante el periodo de convocatoria.<br \/>\nLas mismas fueron elegidas por un jurado especializado integrado por la artista Beatriz Moreiro (Chaco), la investigadora Daniela Pasquet (Misiones), la artista Elisa O\u2019Farrell (Buenos Aires), la gestora Fernanda Toccalino (Corrientes) y el artista Walter Tura (Formosa). Las obras seleccionadas se encontraban participando por tres premios adquisici\u00f3n del mismo monto igualitario, cada uno de $800.000.<br \/>\nObras expuestas<br \/>\nEl jurado decidi\u00f3 designar los tres premios adquisici\u00f3n a:<br \/>\n&#8211; Dufva Nielsen, de Barranqueras, Chaco.<br \/>\nObra: COMO QUIERO QUE ME QUIERAS\u2026<br \/>\n&#8211; Maia Navas \u2013 Alejandra Reyero de Corrientes y Resistencia, Chaco.<br \/>\nObra: LA RESISTENCIA DE LAS PIEDRAS.<br \/>\n&#8211; Maximiliano Peralta Rodr\u00edguez, San Jos\u00e9 del Rinc\u00f3n, Santa Fe.<br \/>\nObra: LA PARADOJA DEL FUEGO.<br \/>\nAdem\u00e1s, se designaron tres menciones honor\u00edficas a:<br \/>\n&#8211; Malcon D\u2019Estefano, Santa Fe.<br \/>\nObra: TAL VEZ, ALG\u00daN RECUERDO EN TU MENTE ME ACARICIE<br \/>\n&#8211; Fernanda Rege, CABA.<br \/>\nObra: CREAR UN TERRITORIO.<br \/>\n&#8211; Adri\u00e1n Sosa Los Sosa, Monteros, Tucum\u00e1n.<br \/>\nObra: FUERZA BRUTA.<\/div>\n","protected":false},"excerpt":{"rendered":"<p>El anuncio fue realizado en la apertura de la exposici\u00f3n del Segundo Sal\u00f3n Nacional de Artes Visuales del Chaco &#8211; Premio Chaco, donde se presentaron las 20 obras seleccionadas de las 275 postulaciones que se recibieron desde todo el pa\u00eds durante el per\u00edodo de convocatoria. El s\u00e1bado 9 de septiembre, en la Sala I del [&hellip;]<\/p>\n","protected":false},"author":1,"featured_media":26818,"comment_status":"closed","ping_status":"closed","sticky":false,"template":"","format":"standard","meta":{"footnotes":""},"categories":[6],"tags":[],"class_list":{"0":"post-26817","1":"post","2":"type-post","3":"status-publish","4":"format-standard","5":"has-post-thumbnail","7":"category-chaco"},"_links":{"self":[{"href":"https:\/\/chacosintesis.com.ar\/index.php\/wp-json\/wp\/v2\/posts\/26817","targetHints":{"allow":["GET"]}}],"collection":[{"href":"https:\/\/chacosintesis.com.ar\/index.php\/wp-json\/wp\/v2\/posts"}],"about":[{"href":"https:\/\/chacosintesis.com.ar\/index.php\/wp-json\/wp\/v2\/types\/post"}],"author":[{"embeddable":true,"href":"https:\/\/chacosintesis.com.ar\/index.php\/wp-json\/wp\/v2\/users\/1"}],"replies":[{"embeddable":true,"href":"https:\/\/chacosintesis.com.ar\/index.php\/wp-json\/wp\/v2\/comments?post=26817"}],"version-history":[{"count":0,"href":"https:\/\/chacosintesis.com.ar\/index.php\/wp-json\/wp\/v2\/posts\/26817\/revisions"}],"wp:featuredmedia":[{"embeddable":true,"href":"https:\/\/chacosintesis.com.ar\/index.php\/wp-json\/wp\/v2\/media\/26818"}],"wp:attachment":[{"href":"https:\/\/chacosintesis.com.ar\/index.php\/wp-json\/wp\/v2\/media?parent=26817"}],"wp:term":[{"taxonomy":"category","embeddable":true,"href":"https:\/\/chacosintesis.com.ar\/index.php\/wp-json\/wp\/v2\/categories?post=26817"},{"taxonomy":"post_tag","embeddable":true,"href":"https:\/\/chacosintesis.com.ar\/index.php\/wp-json\/wp\/v2\/tags?post=26817"}],"curies":[{"name":"wp","href":"https:\/\/api.w.org\/{rel}","templated":true}]}}