{"id":26815,"date":"2023-09-11T18:25:37","date_gmt":"2023-09-11T21:25:37","guid":{"rendered":"https:\/\/chacosintesis.com.ar\/?p=26815"},"modified":"2023-09-11T18:36:56","modified_gmt":"2023-09-11T21:36:56","slug":"la-orquesta-sinfonica-del-chaco-homenajeo-al-mitico-cantor-popular-zitto-segovia","status":"publish","type":"post","link":"https:\/\/chacosintesis.com.ar\/index.php\/la-orquesta-sinfonica-del-chaco-homenajeo-al-mitico-cantor-popular-zitto-segovia\/","title":{"rendered":"La Orquesta Sinf\u00f3nica del Chaco homenaje\u00f3 al m\u00edtico cantor popular Zitto Segovia"},"content":{"rendered":"<div class=\"postie-post\">El evento se realiz\u00f3 en la Casa de las Culturas (Marcelo T. de Alvear y Mitre) y cont\u00f3 con la participaci\u00f3n de Lucas Segovia, Cay\u00e9 Gauna, Bosqu\u00edn Ortega, Alan Guill\u00e9n, Caro Mi\u00f1o, Zuni Aguirre, Luc\u00edas Segovia, Nata Segovia y Grupo.<br \/>\nLa Orquesta Sinf\u00f3nica del Chaco homenaje\u00f3, junto a destacados artistas de la regi\u00f3n, al m\u00edtico cantor popular Zitto Segovia. El homenaje se llev\u00f3 a cabo el pasado viernes 8 de septiembre a las 21, en la Casa de las Culturas (Marcelo T. de Alvear y Mitre) del Instituto de Cultura del Chaco, con entrada libre y gratuita.<br \/>\nDe la velada participaron la Orquesta Sinf\u00f3nica del Chaco, Lucas Segovia, Cay\u00e9 Gauna, Bosqu\u00edn Ortega, Alan Guill\u00e9n, Caro Mi\u00f1o, Zuni Aguirre, Luc\u00edas Segovia, Nata Segovia y Grupo. El homenaje recorri\u00f3 canciones emblem\u00e1ticas del cantautor, en versiones cantadas e instrumentales y ofrecer\u00e1 tambi\u00e9n temas compuestos en su homenaje, como El Universo de tu Amor de Cay\u00e9 Gauna, El r\u00edo va de Lucas Segovia, Yagu\u00e1 perdiz de Bosqu\u00edn Ortega con Zitto, tambi\u00e9n de Ra\u00fal Junco y Mat\u00edas Galarza, entre otros.<br \/>\nMart\u00edn Pedrozo, director de la Orquesta Sinf\u00f3nica del Chaco, destac\u00f3: \u201cPara nosotros es muy valioso poder encarar este repertorio. Una de las caracter\u00edsticas que pretendo para la Orquesta es estrechar el contacto con la gente, acerc\u00e1ndonos desde lo musical a lo que ser\u00eda un repertorio popular. Esto implica un hermoso desaf\u00edo porque para plantear la m\u00fasica popular desde la Orquesta tenemos es preciso formatearla para que la m\u00fasica adquiera un color sinf\u00f3nico\u201d.<\/div>\n","protected":false},"excerpt":{"rendered":"<p>El evento se realiz\u00f3 en la Casa de las Culturas (Marcelo T. de Alvear y Mitre) y cont\u00f3 con la participaci\u00f3n de Lucas Segovia, Cay\u00e9 Gauna, Bosqu\u00edn Ortega, Alan Guill\u00e9n, Caro Mi\u00f1o, Zuni Aguirre, Luc\u00edas Segovia, Nata Segovia y Grupo. La Orquesta Sinf\u00f3nica del Chaco homenaje\u00f3, junto a destacados artistas de la regi\u00f3n, al m\u00edtico [&hellip;]<\/p>\n","protected":false},"author":1,"featured_media":26816,"comment_status":"closed","ping_status":"closed","sticky":false,"template":"","format":"standard","meta":{"footnotes":""},"categories":[6],"tags":[],"class_list":{"0":"post-26815","1":"post","2":"type-post","3":"status-publish","4":"format-standard","5":"has-post-thumbnail","7":"category-chaco"},"_links":{"self":[{"href":"https:\/\/chacosintesis.com.ar\/index.php\/wp-json\/wp\/v2\/posts\/26815","targetHints":{"allow":["GET"]}}],"collection":[{"href":"https:\/\/chacosintesis.com.ar\/index.php\/wp-json\/wp\/v2\/posts"}],"about":[{"href":"https:\/\/chacosintesis.com.ar\/index.php\/wp-json\/wp\/v2\/types\/post"}],"author":[{"embeddable":true,"href":"https:\/\/chacosintesis.com.ar\/index.php\/wp-json\/wp\/v2\/users\/1"}],"replies":[{"embeddable":true,"href":"https:\/\/chacosintesis.com.ar\/index.php\/wp-json\/wp\/v2\/comments?post=26815"}],"version-history":[{"count":0,"href":"https:\/\/chacosintesis.com.ar\/index.php\/wp-json\/wp\/v2\/posts\/26815\/revisions"}],"wp:featuredmedia":[{"embeddable":true,"href":"https:\/\/chacosintesis.com.ar\/index.php\/wp-json\/wp\/v2\/media\/26816"}],"wp:attachment":[{"href":"https:\/\/chacosintesis.com.ar\/index.php\/wp-json\/wp\/v2\/media?parent=26815"}],"wp:term":[{"taxonomy":"category","embeddable":true,"href":"https:\/\/chacosintesis.com.ar\/index.php\/wp-json\/wp\/v2\/categories?post=26815"},{"taxonomy":"post_tag","embeddable":true,"href":"https:\/\/chacosintesis.com.ar\/index.php\/wp-json\/wp\/v2\/tags?post=26815"}],"curies":[{"name":"wp","href":"https:\/\/api.w.org\/{rel}","templated":true}]}}