{"id":26813,"date":"2023-09-11T18:22:37","date_gmt":"2023-09-11T21:22:37","guid":{"rendered":"https:\/\/chacosintesis.com.ar\/?p=26813"},"modified":"2023-09-11T18:36:52","modified_gmt":"2023-09-11T21:36:52","slug":"este-miercoles-realizan-una-capacitacion-virtual-en-asistencia-a-victimas-de-siniestros-viales","status":"publish","type":"post","link":"https:\/\/chacosintesis.com.ar\/index.php\/este-miercoles-realizan-una-capacitacion-virtual-en-asistencia-a-victimas-de-siniestros-viales\/","title":{"rendered":"Este mi\u00e9rcoles realizan una capacitaci\u00f3n virtual en asistencia a v\u00edctimas de siniestros viales"},"content":{"rendered":"<div class=\"postie-post\">La red de asistencia para las v\u00edctimas de tr\u00e1nsito y sus familias funciona a trav\u00e9s de la L\u00ednea 149. Esta red acompa\u00f1a y asesora de forma gratuita en las instancias posteriores a la emergencia.<br \/>\nEl mi\u00e9rcoles 13 de septiembre desde las 11 se realizar\u00e1 la charla virtual \u201cPrimeros Respondientes Red Federal\u201d, destinada a personal de la Administraci\u00f3n P\u00fablica (Polic\u00edas, Bomberos, UCCEM), y trabajadores de entidades afines. La capacitaci\u00f3n ser\u00e1 virtual a trav\u00e9s de la plataforma Zoom.<br \/>\nLa red de asistencia para las v\u00edctimas de tr\u00e1nsito y sus familias funciona a trav\u00e9s de la L\u00ednea 149 opci\u00f3n 2. Esta red acompa\u00f1a y asesora de forma gratuita en las instancias posteriores a la emergencia.<br \/>\nLa L\u00ednea brinda asistencia psicol\u00f3gica, jur\u00eddica, asesoramiento sobre servicios sociales, asistencia m\u00e9dica, rehabilitaci\u00f3n, traslados, hospedajes, y ayuda econ\u00f3mica, entre otros recursos.<br \/>\nMediante un convenio marco la provincia del Chaco se incorpor\u00f3 a la red realizando adem\u00e1s en el a\u00f1o 2021, la presentaci\u00f3n de dicha herramienta.<br \/>\nCapacitaci\u00f3n<br \/>\nLa capacitaci\u00f3n servir\u00e1 para que los agentes que intervienen en los servicios de emergencia de la provincia puedan asistir a una persona que se encuentre en una situaci\u00f3n compleja producto de un siniestro vial.<br \/>\nDurante la capacitaci\u00f3n brindar\u00e1n herramientas para:<br \/>\n&#8211; Dar a conocer a la v\u00edctima\/familiar sus derechos, brindando informaci\u00f3n clara y sencilla para la defensa de los mismos, sin ejercer patrocinio.<br \/>\n&#8211; Evacuar consultas legales y, en caso de ser requerido, se articula con el Centro de Acceso a la Justicia m\u00e1s pr\u00f3ximo al lugar de residencia del solicitante, previa comunicaci\u00f3n con los responsables de dichos centros a fin de concertar una entrevista.<br \/>\n&#8211; Explicar sobre los profesionales que integran esta \u00e1rea trabajan con cada caso en particular, dando cuenta de las singularidades que la demanda plantea de manera impl\u00edcita o expl\u00edcita, autorizando de este modo alg\u00fan tipo de intervenci\u00f3n por parte de los profesionales que integran el equipo de atenci\u00f3n en salud mental.<br \/>\n&#8211; Explicar c\u00f3mo brindar contenci\u00f3n primaria telef\u00f3nica, efectuando una derivaci\u00f3n externa de atenci\u00f3n psicol\u00f3gica personalizada en los casos que lo requieran.<br \/>\n&#8211; Conocer c\u00f3mo brindar informaci\u00f3n sobre tr\u00e1mites relativos a la obtenci\u00f3n de prestaciones sociales, orientando en relaci\u00f3n a la demanda manifestada tanto por la v\u00edctima como por familiares.<br \/>\nPara asistir a la jornada de formaci\u00f3n virtual, ingresar el 13 de septiembre a las 11 en el siguiente link: <a href=\"https:\/\/us02web.zoom.us\/j\/89436162481?pwd=N0gzWkc0K2FHbi9yMHRRMzlLWm16Zz09\">us02web.zoom.us\/j\/89436162481?pwd=N0gzWkc0K2FHbi9yMHRRMzlLWm16Zz09<\/a><br \/>\nAcompa\u00f1amiento<br \/>\nA partir del 2020, en la Agencia Nacional de Seguridad Vial comienza a funcionar el Centro de Atenci\u00f3n a la V\u00edctima y Familiares de V\u00edctimas de Siniestros Viales, desde el cual se coordina la Red Federal.<br \/>\nEste se encuentra conformado por personal profesional multidisciplinario altamente capacitado para la atenci\u00f3n espec\u00edfica de v\u00edctimas, brindando orientaci\u00f3n y respuestas a las necesidades surgidas a partir de un hecho vial.<br \/>\nEl canal de atenci\u00f3n pasa a ser brindado por la l\u00ednea 149 opci\u00f3n 2, es de alcance nacional las 24Hs, todos los d\u00edas del a\u00f1o.<\/div>\n","protected":false},"excerpt":{"rendered":"<p>La red de asistencia para las v\u00edctimas de tr\u00e1nsito y sus familias funciona a trav\u00e9s de la L\u00ednea 149. Esta red acompa\u00f1a y asesora de forma gratuita en las instancias posteriores a la emergencia. El mi\u00e9rcoles 13 de septiembre desde las 11 se realizar\u00e1 la charla virtual \u201cPrimeros Respondientes Red Federal\u201d, destinada a personal de [&hellip;]<\/p>\n","protected":false},"author":1,"featured_media":26814,"comment_status":"closed","ping_status":"closed","sticky":false,"template":"","format":"standard","meta":{"footnotes":""},"categories":[6],"tags":[],"class_list":{"0":"post-26813","1":"post","2":"type-post","3":"status-publish","4":"format-standard","5":"has-post-thumbnail","7":"category-chaco"},"_links":{"self":[{"href":"https:\/\/chacosintesis.com.ar\/index.php\/wp-json\/wp\/v2\/posts\/26813","targetHints":{"allow":["GET"]}}],"collection":[{"href":"https:\/\/chacosintesis.com.ar\/index.php\/wp-json\/wp\/v2\/posts"}],"about":[{"href":"https:\/\/chacosintesis.com.ar\/index.php\/wp-json\/wp\/v2\/types\/post"}],"author":[{"embeddable":true,"href":"https:\/\/chacosintesis.com.ar\/index.php\/wp-json\/wp\/v2\/users\/1"}],"replies":[{"embeddable":true,"href":"https:\/\/chacosintesis.com.ar\/index.php\/wp-json\/wp\/v2\/comments?post=26813"}],"version-history":[{"count":0,"href":"https:\/\/chacosintesis.com.ar\/index.php\/wp-json\/wp\/v2\/posts\/26813\/revisions"}],"wp:featuredmedia":[{"embeddable":true,"href":"https:\/\/chacosintesis.com.ar\/index.php\/wp-json\/wp\/v2\/media\/26814"}],"wp:attachment":[{"href":"https:\/\/chacosintesis.com.ar\/index.php\/wp-json\/wp\/v2\/media?parent=26813"}],"wp:term":[{"taxonomy":"category","embeddable":true,"href":"https:\/\/chacosintesis.com.ar\/index.php\/wp-json\/wp\/v2\/categories?post=26813"},{"taxonomy":"post_tag","embeddable":true,"href":"https:\/\/chacosintesis.com.ar\/index.php\/wp-json\/wp\/v2\/tags?post=26813"}],"curies":[{"name":"wp","href":"https:\/\/api.w.org\/{rel}","templated":true}]}}