{"id":26809,"date":"2023-09-11T18:17:50","date_gmt":"2023-09-11T21:17:50","guid":{"rendered":"https:\/\/chacosintesis.com.ar\/?p=26809"},"modified":"2023-09-11T18:36:41","modified_gmt":"2023-09-11T21:36:41","slug":"el-gobierno-provincial-sostiene-el-pedido-de-prision-preventiva-para-todos-los-imputados-en-el-caso-cecilia","status":"publish","type":"post","link":"https:\/\/chacosintesis.com.ar\/index.php\/el-gobierno-provincial-sostiene-el-pedido-de-prision-preventiva-para-todos-los-imputados-en-el-caso-cecilia\/","title":{"rendered":"El Gobierno provincial sostiene el pedido de prisi\u00f3n preventiva para todos los imputados en el caso Cecilia"},"content":{"rendered":"<div class=\"postie-post\">La abogada querellante del Ejecutivo chaque\u00f1o aclar\u00f3 que \u201cde ninguna manera estas personas quedar\u00e1n en libertad, a menos que el Superior Tribunal de Justicia de la Provincia as\u00ed lo defina, pero desde la Secretar\u00eda de Derechos Humanos y G\u00e9neros nos oponemos, como lo hicimos desde un principio\u201d.<br \/>\nEl portavoz oficial del Gobierno provincial, Juan Manuel Chapo, mantuvo este lunes su habitual conferencia de prensa junto a la abogada querellante de la Secretar\u00eda de Derechos Humanos y G\u00e9neros, Nahir Barud, en la que se ratific\u00f3 la postura del Gobierno provincial de sostener el pedido de prisi\u00f3n preventiva para los siete imputados del caso Cecilia Strzyzowski.<br \/>\n\u201cDesde la querella del Ejecutivo vamos a continuar sosteniendo la l\u00ednea que venimos sosteniendo desde un principio, que es que estos siete imputados deben permanecer privados de libertad en la \u00f3rbita tanto de la Polic\u00eda de la Provincia como del Servicio Penitenciario\u201d, destac\u00f3 Barud.<br \/>\nLa abogada aclar\u00f3 que \u201cde ninguna manera estas personas quedar\u00e1n en libertad, a menos que el Superior Tribunal de Justicia de la Provincia, as\u00ed lo defina, pero desde la Secretar\u00eda de Derechos Humanos y G\u00e9neros nos oponemos, como lo hicimos desde un principio, y como lo hacemos en las 59 querellas que llevamos adelante por casos de violencias por motivos de g\u00e9neros desde el a\u00f1o 2019\u201d.<br \/>\nAdem\u00e1s, Barud adelant\u00f3 que \u201cque de conformidad con las pruebas hasta ahora, preveemos que es posible que la causa se eleve a juicio en octubre\u201d. El proceso ser\u00e1 oral y p\u00fablico bajo la modalidad de juicio por jurados.<br \/>\nBarud contextualiz\u00f3 explicando que, el pasado 4 de Septiembre, la C\u00e1mara de Apelaciones fij\u00f3 audiencia para que el 3 de Octubre, en raz\u00f3n de las agendas del Tribunal, se lleve a cabo una audiencia sobre la prisi\u00f3n domiciliaria de Fabiana Gonz\u00e1lez, quien seguir\u00e1 privada de libertad hasta esa fecha donde el Tribunal resolver\u00e1 su situaci\u00f3n.<br \/>\nPor otra parte, tambi\u00e9n las defensas de tres de los imputados por encubrimiento plantearon un recurso de casaci\u00f3n que fue admitido contra las prisiones preventivas. \u201cEsto significa que el Superior Tribunal de la Provincia del Chaco deber\u00e1 resolver esta cuesti\u00f3n\u201d, ampli\u00f3.<br \/>\nFake news y pedido de responsabilidad a medios de comunicaci\u00f3n<br \/>\nEn otro tramo de la conferencia el portavoz oficial se refiri\u00f3 a un hecho ocurrido durante el fin de semana, en el que medios de comunicaci\u00f3n difundieron noticias falsas vinculadas a supuestas entregas de vales de herramientas y electrodom\u00e9sticos por parte de la Fundaci\u00f3n Chaco Solidario.<br \/>\n\u201cSi bien es cierto que hemos salido a desmentir esto en forma inmediata, hacemos un llamado a la reflexi\u00f3n de aquellos medios, portales, medios digitales que han difundido algo que no era cierto y apelamos a la responsabilidad de los medios de comunicaci\u00f3n\u201d, expres\u00f3 Chapo.<br \/>\nEl funcionario destac\u00f3 el trabajo de la Fundaci\u00f3n Chaco Solidario: \u201cllevan adelante una tarea muy seria que apunta a asistir, no solamente a sectores vulnerables de la comunidad, sino tambi\u00e9n a diferentes instituciones acompa\u00f1ando a clubes y a emprendedores. Entonces lo que pedimos es que tengan por favor, no solamente responsabilidad en el momento de comunicar, difundir, sino que lo hagan desde la verdad\u201d, reiter\u00f3.<br \/>\nDesalojo de terrenos en la zona norte de Resistencia<br \/>\nAl ser consultado por medios de comunicaci\u00f3n, el portavoz dio detalles acerca del accionar del Gobierno provincial en el desalojo de terrenos privados que eran ocupados en la zona norte de la capital chaque\u00f1a.<br \/>\n\u201cEl desalojo de las \u00faltimas horas tiene que ver con una decisi\u00f3n de parte de la Justicia que orden\u00f3 el desalojo de las familias que estaban all\u00ed instaladas y la polic\u00eda, como auxiliar de la justicia, lo que hace es dar cumplimiento a la orden. Como ustedes pueden apreciar si pasan por all\u00ed, se ha logrado la totalidad de la liberaci\u00f3n de ese sector de la ciudad\u201d.<br \/>\nAgenda del gobernador<br \/>\nComo es habitual, Chapo detall\u00f3 las actividades oficiales del gobernador Jorge Capitanich para este lunes 11 de septiembre. En primer lugar, el mandatario iniciar\u00e1 su jornada en la ciudad de S\u00e1enz Pe\u00f1a, donde mantendr\u00e1 una reuni\u00f3n con consorcios rurales. Luego mantendr\u00e1 un encuentro con intendentes e intendentas con el objetivo de suscribir un pacto para el desarrollo. \u201cEsto ser\u00e1 un acta acuerdo en el marco del relevamiento de demandas y acuerdos que se ha desarrollado de para el periodo 2023 &#8211; 2027\u201d, explic\u00f3.<br \/>\nTambi\u00e9n en S\u00e1enz Pe\u00f1a, el gobernador mantendr\u00e1 reuniones con ex combatientes de Malvinas, vecinas y vecinos. Luego, en la ciudad de Quitilipi replicar\u00e1 la modalidad de encuentro directo con la comunidad y en la ciudad de Resistencia visitar\u00e1 Santana Textiles.<br \/>\nEl martes, el gobernador visitar\u00e1 obras en Pampa del Infierno y tendr\u00e1 un encuentro con delegados de todos los gremios nucleados en la Confederaci\u00f3n General del Trabajo.<\/div>\n","protected":false},"excerpt":{"rendered":"<p>La abogada querellante del Ejecutivo chaque\u00f1o aclar\u00f3 que \u201cde ninguna manera estas personas quedar\u00e1n en libertad, a menos que el Superior Tribunal de Justicia de la Provincia as\u00ed lo defina, pero desde la Secretar\u00eda de Derechos Humanos y G\u00e9neros nos oponemos, como lo hicimos desde un principio\u201d. El portavoz oficial del Gobierno provincial, Juan Manuel [&hellip;]<\/p>\n","protected":false},"author":1,"featured_media":26810,"comment_status":"closed","ping_status":"closed","sticky":false,"template":"","format":"standard","meta":{"footnotes":""},"categories":[6],"tags":[],"class_list":{"0":"post-26809","1":"post","2":"type-post","3":"status-publish","4":"format-standard","5":"has-post-thumbnail","7":"category-chaco"},"_links":{"self":[{"href":"https:\/\/chacosintesis.com.ar\/index.php\/wp-json\/wp\/v2\/posts\/26809","targetHints":{"allow":["GET"]}}],"collection":[{"href":"https:\/\/chacosintesis.com.ar\/index.php\/wp-json\/wp\/v2\/posts"}],"about":[{"href":"https:\/\/chacosintesis.com.ar\/index.php\/wp-json\/wp\/v2\/types\/post"}],"author":[{"embeddable":true,"href":"https:\/\/chacosintesis.com.ar\/index.php\/wp-json\/wp\/v2\/users\/1"}],"replies":[{"embeddable":true,"href":"https:\/\/chacosintesis.com.ar\/index.php\/wp-json\/wp\/v2\/comments?post=26809"}],"version-history":[{"count":0,"href":"https:\/\/chacosintesis.com.ar\/index.php\/wp-json\/wp\/v2\/posts\/26809\/revisions"}],"wp:featuredmedia":[{"embeddable":true,"href":"https:\/\/chacosintesis.com.ar\/index.php\/wp-json\/wp\/v2\/media\/26810"}],"wp:attachment":[{"href":"https:\/\/chacosintesis.com.ar\/index.php\/wp-json\/wp\/v2\/media?parent=26809"}],"wp:term":[{"taxonomy":"category","embeddable":true,"href":"https:\/\/chacosintesis.com.ar\/index.php\/wp-json\/wp\/v2\/categories?post=26809"},{"taxonomy":"post_tag","embeddable":true,"href":"https:\/\/chacosintesis.com.ar\/index.php\/wp-json\/wp\/v2\/tags?post=26809"}],"curies":[{"name":"wp","href":"https:\/\/api.w.org\/{rel}","templated":true}]}}