{"id":26805,"date":"2023-09-11T17:59:29","date_gmt":"2023-09-11T20:59:29","guid":{"rendered":"https:\/\/chacosintesis.com.ar\/?p=26805"},"modified":"2023-09-11T18:06:46","modified_gmt":"2023-09-11T21:06:46","slug":"mas-de-130-mil-personas-pasaron-por-la-feria-iberoamericana-del-libro-del-chaco","status":"publish","type":"post","link":"https:\/\/chacosintesis.com.ar\/index.php\/mas-de-130-mil-personas-pasaron-por-la-feria-iberoamericana-del-libro-del-chaco\/","title":{"rendered":"M\u00e1s de 130 mil personas pasaron por la Feria Iberoamericana del Libro del Chaco"},"content":{"rendered":"<div class=\"postie-post\">En esta edici\u00f3n, bajo el lema \u201cLeer en Democracia\u201d,  la Feria Iberoamericana del Libro del Chaco tuvo m\u00e1s de cien actividades que incluyeron presentaciones de libros, entrevistas, conversatorios, talleres, capacitaciones, rondas de lecturas, espect\u00e1culos culturales y una variada propuesta de emprendedores locales.<br \/>\nBajo el lema \u201cLeer en democracia\u201d se realiz\u00f3 una nueva edici\u00f3n de la Feria Iberoamericana del Libro del Chaco (FILC). Con libros al 50%, la Feria se realiz\u00f3 del 31 de agosto al domingo 10 de septiembre. La organizaci\u00f3n destac\u00f3 la pol\u00edtica en favor de los lectores y de toda la cadena industrial del libro, \u201cla provincia es la \u00fanica que en el marco de la feria ofrece libros a mitad de precio\u201d.<br \/>\nEste evento literario es organizado por la Fundaci\u00f3n del Libro y la Cultura y el Gobierno de la Provincia del Chaco a trav\u00e9s del Instituto de Cultura y de los ministerios de Educaci\u00f3n y de Planificaci\u00f3n, Econom\u00eda e Infraestructura. &#8220;La lectura es pol\u00edtica de Estado. A trav\u00e9s de estos eventos podemos garantizar la conexi\u00f3n entre escritores y lectores. Trabajamos para contribuir al desarrollo de la cultura y de la identidad de nuestras comunidades\u201d, destacaron desde la organizaci\u00f3n.<br \/>\nEn la presente edici\u00f3n, el p\u00fablico disfrut\u00f3 de m\u00e1s de cien actividades que incluyeron presentaciones de libros, entrevistas, conversatorios, talleres, capacitaciones, rondas de lecturas, espect\u00e1culos culturales y una variada propuesta de emprendedores locales. La FILC fortalece las industrias culturales relacionadas con el libro y la lectura.<\/p>\n<p>Iniciativa \u00fanica en el pa\u00eds<\/p>\n<p>El Centro de Convenciones del Domo del Centenario fue el espacio activo de librer\u00edas y editoriales de Resistencia. La FIL Chaco es el gran acontecimiento literario y cultural de la regi\u00f3n que acerca autores, obras y lectores, y busca ofrecer diferentes expresiones culturales m\u00e1s all\u00e1 de los libros. Destinado a cada chaque\u00f1o y a cada chaque\u00f1a con inter\u00e9s en participar; como cada a\u00f1o se despleg\u00f3 una programaci\u00f3n que busc\u00f3 promover la venta y la exhibici\u00f3n de libros, y el encuentro con sus autores y autoras.<br \/>\n\u201cEn la producci\u00f3n, en la organizaci\u00f3n y en el desarrollo de esta Feria hubo un valioso intercambio de propuestas entre los distintos sectores que conforman la industria del libro. Uno de los puntos fuertes a destacar es que los libros tuvieron un descuento del 50 por ciento. Esta es una iniciativa \u00fanica en todo el pa\u00eds y les permiti\u00f3 a las librer\u00edas y editoriales vender cerca de 45.000 libros\u201d, resaltaron desde la organizaci\u00f3n. El 25 por ciento de esos 45.000 mil libros vendidos corresponde a editoriales chaque\u00f1as, fortaleciendo a fondo la industria editorial de la provincia.<\/p>\n<p>Todas las editoriales y librer\u00edas de Resistencia<\/p>\n<p>El apoyo del Gobierno de la Provincia del Chaco al fortalecimiento de las industrias culturales locales permiti\u00f3 que librer\u00edas y agentes de la producci\u00f3n editorial puedan ofrecer libros a precios m\u00e1s que accesibles. \u201cEn esta edici\u00f3n participar\u00e1n todas las editoriales y librer\u00edas de Resistencia\u201d, destacaron.<br \/>\nParticipar\u00e1n Editorial y Librer\u00eda Contexto, Librer\u00eda y Papeler\u00eda Casa Garc\u00eda, Ediciones Paulinas, Librer\u00eda Las Ca\u00f1itas, Librer\u00eda El \u00c1rbol Amarillo, Editorial Eudene \u2013 Universidad Nacional del Nordeste, Editorial Literatura Tropical, Editorial Uncaus, Librer\u00eda y Editorial De La Paz y Milka Libros.<br \/>\nEn este marco Rub\u00e9n Duk, propietario de la librer\u00eda y editorial Contexto que despleg\u00f3 en la feria m\u00e1s de 80 mil ejemplares y super\u00f3 los 20 mil t\u00edtulos nuevos, agreg\u00f3 que \u201cel p\u00fablico acompa\u00f1\u00f3 esta edici\u00f3n de la Feria, cuyo volumen de ventas super\u00f3 las expectativas y esto es posible gracias a los descuentos de libros al 50% gracias al aporte del gobierno\u201d, destac\u00f3.<br \/>\nPor su parte, Marcela Ram\u00edrez, propietaria de la librer\u00eda El \u00c1rbol Amarillo, expres\u00f3 que la FILC ha sido una gran oportunidad para las librer\u00edas. Tambi\u00e9n una gran \u201cocasi\u00f3n para que durante estos d\u00edas los ni\u00f1os y las ni\u00f1as se acerquen a los libros y se alejen de las pantallas\u201d.<\/p>\n<p>Nutrida agenda de escritores, escritoras y espect\u00e1culos<br \/>\nLa apertura de la FILC 2023 estuvo a cargo del escritor Mariano Quir\u00f3s. Quien en su discurso, entre otras puntos, destac\u00f3 \u201cla importancia de reivindicar el derecho a la lectura, el derecho a usar y a retorcer la lengua para que se nos escuche y se nos lea; vamos a reivindicar, no el libro a mitad de precio \u2013que as\u00ed y todo sigue siendo inaccesible-, vamos a reivindicar los libros libres en manos de los transas, los \u00f1eris, los guachos y las guachas, los libros libres en manos de los muertos, los indios, las putas y los putos del subtr\u00f3pico litorale\u00f1o\u201d.<\/p>\n<p>Cabe destacar que a lo largo de once d\u00edas el Domo del Centenario cont\u00f3 con la presencia de notables escritoras y escritores como Mart\u00edn Kohan, Esther Cross, Betina Gonz\u00e1lez, Alejandra Kamiya, Mar\u00eda Rosa Lojo, Delfina Pignatiello, Mart\u00edn Castagnett, Paula Puebla, Flor Freijo, Laura Devetach, Osvaldo Mazal, Alicia Genovese, Miguel \u00c1ngel Molfino, Michel Nieva, Humphrey Inzillo, Ernesto Gallo, Leonardo Gentile, Claudia Masin, Pedro Solans, Paulo Ferreyra, Lucas Britos S\u00e1nchez, Francisco \u201cTete Romero\u201d, Juan Carlos Tracogna, el colectivo Literatura Tropical, Charco Poes\u00eda, entre muchos otros y otras.<\/p>\n<p>Festival FILC<\/p>\n<p>Este a\u00f1o en la Feria Iberoamericana del Libro Chaco 2023 hubo tres festivales, FILC Bailable, La Pe\u00f1a de la FILC y FILC Flow. Se puso en escena la diversidad de g\u00e9neros y diversidad de estilos musicales. Se convoc\u00f3 a artistas j\u00f3venes y emergentes. \u201cLa programaci\u00f3n busc\u00f3 que cerca del 90 por ciento de los artistas presentes sean locales y de la zona\u201d, dijeron desde la organizaci\u00f3n.<br \/>\nLa FILC Bailable cont\u00f3 con la presencia de Roda Roots, A Metros, Viento Norte y el gran cierre con Bailunga. En La Pe\u00f1a del FILC estuvieron Ensamble de la Orquesta de Cruce Viejo, Coro Chelaa Lapi y Chaquetango. El FILC Flow con una gran propuesta con Resistencia Blood\/Notcriu + Alon + Negroovs y Lokura. Adem\u00e1s estuvieron Capit\u00e1n Teuco, el Payaso Viruta y el Mago Fernando. Se realiz\u00f3 tambi\u00e9n el espect\u00e1culo Chacolaborativa, y el gran cierre del domingo lo hizo La Bomba de Tiempo.<\/p>\n<p>Festival \u201cPoes\u00eda es Resistencia\u201d<\/p>\n<p>En el marco de la Feria Iberoamericana del Libro Chaco 2023 se realiz\u00f3 el 4\u00b0 Festival Internacional de Poes\u00eda. El mismo fue curado por la poeta Claudia Masin y cont\u00f3 con la coordinaci\u00f3n de Maia Bradford. En el Espacio Magenta del Domo del Centenario estuvieron presentes: Robin Myers, Alicia Genovese, \u00c1ngelo Vara Dadone, Claudia Masin, Daiana V\u00e1zquez, Daniel Lipara, Estefan\u00eda Ceballos, Evelin Bochle, Fabi\u00e1n Yauzas, Flor L\u00f3pez, Franco Rivero, Lara Schaefer, Mar\u00eda Elena Romero, Mar\u00eda Bak\u00fan, Mariana Vacs y Mario Caparra.<br \/>\nClaudia Masin destac\u00f3 la importancia de un festival de poes\u00eda en el contexto que se vive el pa\u00eds. \u201cEn estos tiempos impera desde los medios y desde los discursos hegem\u00f3nicos, desde ciertos espacios pol\u00edticos, los discursos de odio y de rechazo a la diferencia. Discursos violentos, individualistas y meritocr\u00e1ticos. En este contexto la poes\u00eda trae un discurso que trabaja con lo opuesto a la crueldad, seg\u00fan el psicoanalista Fernando Ulloa, es la ternura. La ternura como una emoci\u00f3n pol\u00edtica. La capacidad de empatizar y conmoverse ante el sufrimiento ajeno, la capacidad de reconocer las diferencias\u201d.<\/p>\n<p>Talleres<br \/>\nDurante los d\u00edas de la FILC 2023 se desarroll\u00f3 el taller El mundo cabe en una canci\u00f3n. Un taller de lectura, oralidad y escritura literaria a cargo de Germ\u00e1n Parmetler. La propuesta fue explorar los elementos ret\u00f3rico-literarios desde la lectura y escucha de canciones que los asistentes llevaron.<br \/>\nTambi\u00e9n se llev\u00f3 a cabo el taller Desde la idea hasta la postproducci\u00f3n de realizaci\u00f3n audiovisual especialmente pensado para profesionales, entusiastas y espectadores. Los disertantes fueron Cristian Valussi -director y docente- y Osky Escanilla -director de arte-.<br \/>\nPol\u00edtica de Estado: libros al 50%<\/p>\n<p>La Feria Iberoamericana del Libro Chaco 2023 es una continuidad de las pol\u00edticas p\u00fablicas impulsadas por el Gobierno del Chaco en conjunto con la C\u00e1mara del Libro y la Cultura. La propuesta y el sostenimiento de los libros al 50% ponen de relieve el derecho de los ciudadanos a la lectura y el apoyo a toda la cadena de la industria del libro en la provincia del Chaco.<br \/>\nEste a\u00f1o pasaron en los once d\u00edas de la FILC m\u00e1s de 130 mil personas. Se vendieron m\u00e1s de 45 mil libros de autores locales, nacionales e internacionales. Hubo m\u00fasica, rondas de lecturas de autores locales y un Festival Internacional de Poes\u00eda. La FILC despleg\u00f3 una programaci\u00f3n amplia y diversa para fomentar la creaci\u00f3n de m\u00e1s comunidades lectores y propici\u00f3 con m\u00faltiples propuestas el encuentro de toda la familia en pos del libro.<br \/>\nEl gobernador de la provincia, Jorge Capitanich subray\u00f3 la decisi\u00f3n de ofrecer libros al 50 por ciento que permiti\u00f3 una mayor accesibilidad a la lectura. \u201cDurante nuestras administraciones vamos a llegar a un total de 10 millones de libros entregados, lo que forma parte de una pol\u00edtica local que se alinea a la nacional. Leer es conocer, so\u00f1ar, contemplar, y un acto imprescindible para tiempos de conflictos o de crisis, porque ayuda a transformar la realidad. Hoy m\u00e1s que nunca la lectura es important\u00edsima para entender e interpretar nuestro presente\u201d, reflexion\u00f3 Capitanich.<\/p><\/div>\n","protected":false},"excerpt":{"rendered":"<p>En esta edici\u00f3n, bajo el lema \u201cLeer en Democracia\u201d, la Feria Iberoamericana del Libro del Chaco tuvo m\u00e1s de cien actividades que incluyeron presentaciones de libros, entrevistas, conversatorios, talleres, capacitaciones, rondas de lecturas, espect\u00e1culos culturales y una variada propuesta de emprendedores locales. Bajo el lema \u201cLeer en democracia\u201d se realiz\u00f3 una nueva edici\u00f3n de la [&hellip;]<\/p>\n","protected":false},"author":1,"featured_media":26806,"comment_status":"closed","ping_status":"closed","sticky":false,"template":"","format":"standard","meta":{"footnotes":""},"categories":[6],"tags":[],"class_list":{"0":"post-26805","1":"post","2":"type-post","3":"status-publish","4":"format-standard","5":"has-post-thumbnail","7":"category-chaco"},"_links":{"self":[{"href":"https:\/\/chacosintesis.com.ar\/index.php\/wp-json\/wp\/v2\/posts\/26805","targetHints":{"allow":["GET"]}}],"collection":[{"href":"https:\/\/chacosintesis.com.ar\/index.php\/wp-json\/wp\/v2\/posts"}],"about":[{"href":"https:\/\/chacosintesis.com.ar\/index.php\/wp-json\/wp\/v2\/types\/post"}],"author":[{"embeddable":true,"href":"https:\/\/chacosintesis.com.ar\/index.php\/wp-json\/wp\/v2\/users\/1"}],"replies":[{"embeddable":true,"href":"https:\/\/chacosintesis.com.ar\/index.php\/wp-json\/wp\/v2\/comments?post=26805"}],"version-history":[{"count":0,"href":"https:\/\/chacosintesis.com.ar\/index.php\/wp-json\/wp\/v2\/posts\/26805\/revisions"}],"wp:featuredmedia":[{"embeddable":true,"href":"https:\/\/chacosintesis.com.ar\/index.php\/wp-json\/wp\/v2\/media\/26806"}],"wp:attachment":[{"href":"https:\/\/chacosintesis.com.ar\/index.php\/wp-json\/wp\/v2\/media?parent=26805"}],"wp:term":[{"taxonomy":"category","embeddable":true,"href":"https:\/\/chacosintesis.com.ar\/index.php\/wp-json\/wp\/v2\/categories?post=26805"},{"taxonomy":"post_tag","embeddable":true,"href":"https:\/\/chacosintesis.com.ar\/index.php\/wp-json\/wp\/v2\/tags?post=26805"}],"curies":[{"name":"wp","href":"https:\/\/api.w.org\/{rel}","templated":true}]}}