{"id":26801,"date":"2023-09-11T17:53:51","date_gmt":"2023-09-11T20:53:51","guid":{"rendered":"https:\/\/chacosintesis.com.ar\/?p=26801"},"modified":"2023-09-11T18:06:36","modified_gmt":"2023-09-11T21:06:36","slug":"trabajadores-y-trabajadoras-de-puerto-tirol-se-capacitaron-en-el-manejo-de-residuos-solidos-urbanos","status":"publish","type":"post","link":"https:\/\/chacosintesis.com.ar\/index.php\/trabajadores-y-trabajadoras-de-puerto-tirol-se-capacitaron-en-el-manejo-de-residuos-solidos-urbanos\/","title":{"rendered":"Trabajadores y trabajadoras de Puerto Tirol se capacitaron en el manejo de residuos s\u00f3lidos urbanos"},"content":{"rendered":"<div class=\"postie-post\">La tarea tiene como objetivo concientizar, recuperar y garantizar la valorizaci\u00f3n correcta de los materiales reciclables, insertarlos en la cadena de valor, para luego ser convertidos en un nuevo producto y volver a utilizarse.<br \/>\nEn Puerto Tirol, el Ministerio de Ambiente y Desarrollo Territorial Sostenible lle concret\u00f3 una nueva charla y capacitaci\u00f3n de concientizaci\u00f3n sobre la importancia del manejo responsable de los residuos s\u00f3lidos urbanos, poniendo de relieve el rol de las instituciones p\u00fablicas y de la comunidad para lograr la separaci\u00f3n en origen de los mismos, favoreciendo por un lado la acci\u00f3n de reciclaje y por otro la transformaci\u00f3n de org\u00e1nicos en compost. Adem\u00e1s, desde la cartera provincial se hizo entrega de tachos contenedores de residuos. \u201cEl manejo que se haga de los residuos est\u00e1 \u00edntimamente ligado a la salud humana y de otras formas de vida, es por ello que consideramos a la educaci\u00f3n ambiental como la base de la sensibilizaci\u00f3n de cada miembro de la sociedad, es la herramienta que nos permite comprender qu\u00e9 son los residuos y su historia, c\u00f3mo separarlos, d\u00f3nde se disponen, qui\u00e9nes los recuperan y qu\u00e9 beneficios genera la acci\u00f3n y el compromiso de gestionar correctamente\u201d, destac\u00f3 la ministra Marta Soneira quien durante este acontecimiento estuvo acompa\u00f1ada por el diputado provincial Hugo Sager, el subsecretario de Ambiente y Biodiversidad Tom\u00e1s Camarasa y la coordinadora del Programa de Formaci\u00f3n Chaco Sostenible Marilyn Rol\u00f3n. Actualmente, el Ministerio de Ambiente y Desarrollo Territorial Sostenible se encuentra haciendo una gran tarea de concientizar, recuperar y garantizar la valorizaci\u00f3n correcta de los materiales reciclables, insertarlos en la cadena de valor, para luego ser convertidos en un nuevo producto y volver a utilizarse. \u201cEsto es econom\u00eda circular. Hablar de los residuos es comprender cada etapa de su gesti\u00f3n, es cambiar nuestras acciones por hechos concretos que favorezcan a la reducci\u00f3n del impacto ambiental en el presente y el futuro de nuestra casa com\u00fan\u201d, agreg\u00f3 Soneira.<\/p>\n<p>Tirol Sustentable<\/p>\n<p>Por su parte, el diputado provincial Hugo Sager manifest\u00f3: \u201cCreemos en Tirol Sustentable, un lugar de vida digna, donde la cultura, el arte, los espacios verdes limpios de residuos, sean la identidad y la acci\u00f3n permanente y sostenida de quienes vivimos en el pueblo. Gestionar bien los residuos es parte de la tarea para acceder al derecho a un ambiente sano, y es una responsabilidad de todos y todas, especialmente de las instituciones del medio, ayudar a generar la sensibilizaci\u00f3n y la conciencia para lograr una comunidad comprometida y responsable\u201d. Para remarcar que esta capacitaci\u00f3n sobre el uso responsable de los residuos s\u00f3lidos urbanos, tuvo en su cierre una charla &#8211; taller \u201cAprender de los residuos. La gesti\u00f3n integral e inclusiva de los residuos y su impacto socio ambiental\u201d a cargo del \u00e1rea de Gesti\u00f3n Integral de Residuos S\u00f3lidos Urbanos (GIRSU) de la Subsecretar\u00eda de Ambiente y Biodiversidad, donde el coordinador Andr\u00e9s Reina, acompa\u00f1ado por equipo t\u00e9cnico, abord\u00f3 la tem\u00e1tica en funci\u00f3n de la cantidad aproximada de residuos que genera Puerto Tirol y las m\u00faltiples posibilidades de disminuci\u00f3n a partir de un manejo adecuado y el aprovechamiento vinculado a la econom\u00eda circular.<\/p><\/div>\n","protected":false},"excerpt":{"rendered":"<p>La tarea tiene como objetivo concientizar, recuperar y garantizar la valorizaci\u00f3n correcta de los materiales reciclables, insertarlos en la cadena de valor, para luego ser convertidos en un nuevo producto y volver a utilizarse. En Puerto Tirol, el Ministerio de Ambiente y Desarrollo Territorial Sostenible lle concret\u00f3 una nueva charla y capacitaci\u00f3n de concientizaci\u00f3n sobre [&hellip;]<\/p>\n","protected":false},"author":1,"featured_media":26802,"comment_status":"closed","ping_status":"closed","sticky":false,"template":"","format":"standard","meta":{"footnotes":""},"categories":[6],"tags":[],"class_list":{"0":"post-26801","1":"post","2":"type-post","3":"status-publish","4":"format-standard","5":"has-post-thumbnail","7":"category-chaco"},"_links":{"self":[{"href":"https:\/\/chacosintesis.com.ar\/index.php\/wp-json\/wp\/v2\/posts\/26801","targetHints":{"allow":["GET"]}}],"collection":[{"href":"https:\/\/chacosintesis.com.ar\/index.php\/wp-json\/wp\/v2\/posts"}],"about":[{"href":"https:\/\/chacosintesis.com.ar\/index.php\/wp-json\/wp\/v2\/types\/post"}],"author":[{"embeddable":true,"href":"https:\/\/chacosintesis.com.ar\/index.php\/wp-json\/wp\/v2\/users\/1"}],"replies":[{"embeddable":true,"href":"https:\/\/chacosintesis.com.ar\/index.php\/wp-json\/wp\/v2\/comments?post=26801"}],"version-history":[{"count":0,"href":"https:\/\/chacosintesis.com.ar\/index.php\/wp-json\/wp\/v2\/posts\/26801\/revisions"}],"wp:featuredmedia":[{"embeddable":true,"href":"https:\/\/chacosintesis.com.ar\/index.php\/wp-json\/wp\/v2\/media\/26802"}],"wp:attachment":[{"href":"https:\/\/chacosintesis.com.ar\/index.php\/wp-json\/wp\/v2\/media?parent=26801"}],"wp:term":[{"taxonomy":"category","embeddable":true,"href":"https:\/\/chacosintesis.com.ar\/index.php\/wp-json\/wp\/v2\/categories?post=26801"},{"taxonomy":"post_tag","embeddable":true,"href":"https:\/\/chacosintesis.com.ar\/index.php\/wp-json\/wp\/v2\/tags?post=26801"}],"curies":[{"name":"wp","href":"https:\/\/api.w.org\/{rel}","templated":true}]}}