{"id":26795,"date":"2023-09-11T16:15:39","date_gmt":"2023-09-11T19:15:39","guid":{"rendered":"https:\/\/chacosintesis.com.ar\/?p=26795"},"modified":"2023-09-11T16:36:44","modified_gmt":"2023-09-11T19:36:44","slug":"capitanich-e-intendentes-firmaron-acuerdo-para-el-desarrollo-a-diferencia-de-nuestros-oponentes-nosotros-tenemos-un-plan-y-lo-mostramos-orgullosos","status":"publish","type":"post","link":"https:\/\/chacosintesis.com.ar\/index.php\/capitanich-e-intendentes-firmaron-acuerdo-para-el-desarrollo-a-diferencia-de-nuestros-oponentes-nosotros-tenemos-un-plan-y-lo-mostramos-orgullosos\/","title":{"rendered":"Capitanich e intendentes firmaron acuerdo para el desarrollo: \u201cA diferencia de nuestros oponentes, nosotros tenemos un plan y lo mostramos orgullosos\u201d"},"content":{"rendered":"<div class=\"postie-post\">Se trata de un pacto federal municipal para los pr\u00f3ximos cuatro a\u00f1os que incluye la ejecuci\u00f3n de 10.000 cuadras de pavimento, 30.000 luminarias LED, 20.000 nuevas viviendas, un plan de urbanizaci\u00f3n de barrios populares, un plan de fortalecimiento de la recaudaci\u00f3n local y cursos de capacitaci\u00f3n para facilitar la inserci\u00f3n laboral.<\/p>\n<p>El gobernador y candidato a la reelecci\u00f3n por la Lista 652 del Frente Chaque\u00f1o, Jorge Capitanich, encabez\u00f3 este lunes la firma del acuerdo con intendentes, intendentas y candidatos de municipios en toda la provincia.<br \/>\n\u201cTengamos garra, pongamos todo lo que hay que poner, salgamos a transpirar la camiseta, a decirles a todos que hay un gobierno que transmite la esperanza de construir un futuro mejor para el Chaco. El pueblo chaque\u00f1o nos conoce, sabe que somos capaces de trabajar y sabe que somos los \u00fanicos con capacidad para construir futuro\u201d, expres\u00f3 el mandatario.<br \/>\nSe trata de un pacto federal municipal que permitir\u00e1 el desarrollo arm\u00f3nico y equilibrado de la provincia e incluye tres planes: de infraestructura local, de acciones de gobierno con impacto local y de acciones que requieren ejecuci\u00f3n por parte de los municipios.<br \/>\n\u201cA diferencia de nuestros oponentes que dicen tener un plan y nunca lo muestran, nosotros tenemos el plan quinquenal, 2023-2027 y lo mostramos orgullosos porque la planificaci\u00f3n estrat\u00e9gica situacional es una herramienta que utilizamos junto al sistema de planificaci\u00f3n y gesti\u00f3n operativa, el sistema de metas y el sistema de comunicaci\u00f3n\u201d, expres\u00f3 el mandatario.<br \/>\nAlgunos de los puntos destacados del compromiso para los 70 municipios son: urbanizar 649 barrios populares, generar servicios para 750 parajes rurales, lograr 20.000 viviendas, 10.000 cuadras de pavimento urbano, entre 2.400 y 3.500 kil\u00f3metros de veredas, 30.000 luminarias LED, 20.000 cuadras de ripio y 250 espacios verdes recuperados con plazas y plazoletas p\u00fablicas.<br \/>\nCon el cumplimiento, hasta ahora, del 92% de los acuerdos plasmados en el acuerdo \u201cChaco crece\u201d, la actual gesti\u00f3n de gobierno se encuentra ejecutando un ambicioso plan de obras en los 70 municipios de la provincia, sin distinci\u00f3n ni favoritismos. Esto es posible gracias a la decisi\u00f3n pol\u00edtica del gobernador Jorge Capitanich junto a la disposici\u00f3n de equipos t\u00e9cnicos preparados y la estabilidad econ\u00f3mica de las cuentas provinciales.<br \/>\nParticiparon del acto la vicegobernadora, Anal\u00eda Rach Quiroga, intendentes, intendentas, candidatos y candidatas del Frente Chaque\u00f1o de los 70 municipios junto a los candidatos para la Legislatura chaque\u00f1a Santiago Perez Pons y P\u00eda Chiacchio Cavana, funcionarios y funcionarias del Gobierno provincial y dem\u00e1s autoridades.<\/p>\n<p>Hacia su pr\u00f3xima gesti\u00f3n, el gobernador y candidato a la reelecci\u00f3n por el Frente Chaque\u00f1o propone la entrega de 50.000 t\u00edtulos de propiedad urbana, 20.000 viviendas y la generaci\u00f3n de 200.000 empleos privados formales en 20 cadenas de valor de la econom\u00eda productiva.<br \/>\nEn el marco del encuentro, el ministro de Planificaci\u00f3n, Econom\u00eda e Infraestructura, Santiago Perez Pons expres\u00f3: \u201cCon mucha responsabilidad cumplimos con los compromisos asumidos con cada municipio y nuevamente ponemos en valor este trabajo con un plan de obras locales y estructurales para el beneficio y crecimiento de las y los chaque\u00f1os\u201d.<\/p>\n<p>Urbanizaci\u00f3n de barrios, viviendas y m\u00e1s infraestructura<\/p>\n<p>\u201cTenemos 50.000 familias en la provincia del Chaco que no tienen un t\u00edtulo de propiedad urbana de la tierra, y ese documento es la garant\u00eda y la seguridad jur\u00eddica para que las familias puedan garantizar un legado para sus hijos y nietos. Pero no se trata solamente de un t\u00edtulo, se trata de generar las condiciones para que podamos construir viviendas dignas, veredas, desag\u00fces pluviales, cunetas, ripio o pavimento urbano, como as\u00ed tambi\u00e9n alumbrado p\u00fablico\u201d, explic\u00f3 el mandatario.<br \/>\nEn ese contexto, hizo un llamado a lo intendentes a que \u201cnos ayuden a poner terrenos  dentro del fideicomiso inmobiliario tanto para el sector p\u00fablico como para el sector privado, con el objeto de que logremos estructuras de financiamiento para inducir a que un polic\u00eda, un docente, un m\u00e9dico, un enfermero, un trabajador p\u00fablico pueda tener el derecho a la vivienda digna y localizar las mismas en cada uno de los lugares en donde vive&#8221;.<\/p>\n<p>Desarrollo industrial y productivo para generar empleo<\/p>\n<p>\u201cVamos con todo a sacar la producci\u00f3n chaque\u00f1a. Nosotros tenemos que garantizar trabajo, m\u00e1s y m\u00e1s trabajo, y ustedes ahora tienen que convertirse en l\u00edderes de la principal transformaci\u00f3n productiva, en promotores desde parques industriales a la radicaci\u00f3n de inversiones\u201d, se\u00f1al\u00f3 Capitanich.<br \/>\nY dirigi\u00e9ndose a intendentes y candidatos expres\u00f3: \u201cles pido que sean adalides del proceso de transformaci\u00f3n productiva, que puedan ser l\u00edderes en la producci\u00f3n de alimentos y su comercializaci\u00f3n para que la agricultura familiar se fortalezca\u201d.<br \/>\nEn ese contexto, destac\u00f3 la consolidaci\u00f3n del plan de parques industriales \u201ccon toda la infraestructura de servicio para utilizar las 38 localidades con las plantas regasificadoras de gas para potenciar la agregaci\u00f3n de valor. De eso se trata nuestro plan de desarrollo productivo municipal pero tambi\u00e9n de ordenamiento en el funcionamiento de la estructura municipal\u201d, ampli\u00f3.<\/p>\n<p>\u201cSomos los \u00fanicos que tienen capacidad para construir  un futuro mejor para el Chaco\u201d<\/p>\n<p>\u201cTengamos garra, pongamos todo lo que tenemos que poner, salgamos a transpirar la camiseta  y a decirles a todos que hay un gobierno que transmite la esperanza de construir un futuro mejor para el Chaco\u201d enfatiz\u00f3.<br \/>\n\u201cEl pueblo chaque\u00f1o nos conoce, sabe lo que somos capaces de hacer, sabe lo que somos capaces de trabajar y sabe que somos los \u00fanicos que tienen capacidad para construir futuro. El pr\u00f3ximo domingo tenemos que tener una victoria contundente, tenemos que tener mayor\u00eda legislativa, tenemos que hacer las reformas que nos faltan. \u00a1Todos juntos a ganar las elecciones!\u201d, dijo el gobernador.<\/p><\/div>\n","protected":false},"excerpt":{"rendered":"<p>Se trata de un pacto federal municipal para los pr\u00f3ximos cuatro a\u00f1os que incluye la ejecuci\u00f3n de 10.000 cuadras de pavimento, 30.000 luminarias LED, 20.000 nuevas viviendas, un plan de urbanizaci\u00f3n de barrios populares, un plan de fortalecimiento de la recaudaci\u00f3n local y cursos de capacitaci\u00f3n para facilitar la inserci\u00f3n laboral. El gobernador y candidato [&hellip;]<\/p>\n","protected":false},"author":1,"featured_media":26796,"comment_status":"closed","ping_status":"closed","sticky":false,"template":"","format":"standard","meta":{"footnotes":""},"categories":[6],"tags":[],"class_list":{"0":"post-26795","1":"post","2":"type-post","3":"status-publish","4":"format-standard","5":"has-post-thumbnail","7":"category-chaco"},"_links":{"self":[{"href":"https:\/\/chacosintesis.com.ar\/index.php\/wp-json\/wp\/v2\/posts\/26795","targetHints":{"allow":["GET"]}}],"collection":[{"href":"https:\/\/chacosintesis.com.ar\/index.php\/wp-json\/wp\/v2\/posts"}],"about":[{"href":"https:\/\/chacosintesis.com.ar\/index.php\/wp-json\/wp\/v2\/types\/post"}],"author":[{"embeddable":true,"href":"https:\/\/chacosintesis.com.ar\/index.php\/wp-json\/wp\/v2\/users\/1"}],"replies":[{"embeddable":true,"href":"https:\/\/chacosintesis.com.ar\/index.php\/wp-json\/wp\/v2\/comments?post=26795"}],"version-history":[{"count":0,"href":"https:\/\/chacosintesis.com.ar\/index.php\/wp-json\/wp\/v2\/posts\/26795\/revisions"}],"wp:featuredmedia":[{"embeddable":true,"href":"https:\/\/chacosintesis.com.ar\/index.php\/wp-json\/wp\/v2\/media\/26796"}],"wp:attachment":[{"href":"https:\/\/chacosintesis.com.ar\/index.php\/wp-json\/wp\/v2\/media?parent=26795"}],"wp:term":[{"taxonomy":"category","embeddable":true,"href":"https:\/\/chacosintesis.com.ar\/index.php\/wp-json\/wp\/v2\/categories?post=26795"},{"taxonomy":"post_tag","embeddable":true,"href":"https:\/\/chacosintesis.com.ar\/index.php\/wp-json\/wp\/v2\/tags?post=26795"}],"curies":[{"name":"wp","href":"https:\/\/api.w.org\/{rel}","templated":true}]}}