{"id":26791,"date":"2023-09-11T10:45:15","date_gmt":"2023-09-11T13:45:15","guid":{"rendered":"https:\/\/chacosintesis.com.ar\/?p=26791"},"modified":"2023-09-11T10:54:26","modified_gmt":"2023-09-11T13:54:26","slug":"zdero-en-du-gratylos-vientos-de-cambio-llegaron-a-santa-fe-y-tambien-vendran-a-chaco","status":"publish","type":"post","link":"https:\/\/chacosintesis.com.ar\/index.php\/zdero-en-du-gratylos-vientos-de-cambio-llegaron-a-santa-fe-y-tambien-vendran-a-chaco\/","title":{"rendered":"Zdero en Du Graty:&#8221;Los vientos de cambio llegaron a Santa Fe y tambi\u00e9n vendr\u00e1n a Chaco&#8221;"},"content":{"rendered":"<div class=\"postie-post\">Leandro Zdero y Silvana Schneider, la f\u00f3rmula para la gobernaci\u00f3n de Juntos por el Cambio, acompa\u00f1aron el cierre de campa\u00f1a en Coronel Du Graty con el intendente Oscar \u201cCacho\u201d Dalmasso quien ir\u00e1 por la renovaci\u00f3n de su cargo en el ejecutivo municipal. \u201cEstamos consolidando una alianza, resultado de un mano a mano, que lo hicimos con la gente, y esa es nuestra fortaleza, eso nos diferencia de quienes est\u00e1n hace 16 a\u00f1os de un modelo que se agot\u00f3 y no tiene nada que ofrecer. Tenemos equipos en todo el Chaco para transformarlo, fijando prioridades, trabajando con las necesidades y pronunciando el cambio. Estos vientos de cambio llegaron a Santa Fe, con Maxi Pullaro, el electo gobernador y ahora le toca al Chaco\u201d.<br \/>\nDurante el acto, realizado anoche en Du Graty, Zdero estuvo acompa\u00f1ado por el diputado nacional Juan Carlos Polini, los candidatos a diputados provinciales y la lista de concejales de \u201cCacho\u201d Dalmasso. \u201cGracias por el afecto cada vez que venimos aqu\u00ed, seguimos con mucho entusiasmo creyendo que se viene un Chaco mejor y acompa\u00f1ando a &#8220;Cacho&#8221; en este desaf\u00edo. En estos d\u00edas van a aparecer los de billetera gorda con la campa\u00f1a del miedo, pero hay que enfrentarlos con coraje porque no hay billetera que se resista al voto y a la determinaci\u00f3n de lo que la gente quiere\u201d- agreg\u00f3 Leandro Zdero.<br \/>\nJUAN CARLOS POLINI: \u201cLO MEJOR QUE LE PUEDE PASAR AL CHACO, ES TENER A LEANDRO ZDERO DE GOBERNADOR\u201d<br \/>\nPor su parte, en el uso de la palabra, el diputado nacional Juan Carlos Polini expres\u00f3: \u201clo conoc\u00ed hace un tiempo, pero aparte de buena persona es un pol\u00edtico de raza, un trabajador que conoce la provincia palmo a palmo y espera su oportunidad este 17 de septiembre.  Por eso, estoy convencido que lo mejor que le puede pasar al Chaco es tener a Leandro Zdero de Gobernador\u201d.<br \/>\n\u201cCACHO\u201d DALMASSO: \u201cESTE DOMINGO NECESITAMOS DEL ACOMPA\u00d1AMIENTO DE TODOS\u201d<br \/>\nPor \u00faltimo, Dalmasso, como candidato a Intendente remarc\u00f3: \u201cEste domingo necesitamos que nos den su voto, ustedes deciden, la provincia necesita de un cambio vayamos a poner un voto de confianza, para hacer historia y aqu\u00ed en Du Graty para continuar transformando nuestra localidad\u201d.<\/div>\n","protected":false},"excerpt":{"rendered":"<p>Leandro Zdero y Silvana Schneider, la f\u00f3rmula para la gobernaci\u00f3n de Juntos por el Cambio, acompa\u00f1aron el cierre de campa\u00f1a en Coronel Du Graty con el intendente Oscar \u201cCacho\u201d Dalmasso quien ir\u00e1 por la renovaci\u00f3n de su cargo en el ejecutivo municipal. \u201cEstamos consolidando una alianza, resultado de un mano a mano, que lo hicimos [&hellip;]<\/p>\n","protected":false},"author":1,"featured_media":26792,"comment_status":"closed","ping_status":"closed","sticky":false,"template":"","format":"standard","meta":{"footnotes":""},"categories":[6],"tags":[],"class_list":{"0":"post-26791","1":"post","2":"type-post","3":"status-publish","4":"format-standard","5":"has-post-thumbnail","7":"category-chaco"},"_links":{"self":[{"href":"https:\/\/chacosintesis.com.ar\/index.php\/wp-json\/wp\/v2\/posts\/26791","targetHints":{"allow":["GET"]}}],"collection":[{"href":"https:\/\/chacosintesis.com.ar\/index.php\/wp-json\/wp\/v2\/posts"}],"about":[{"href":"https:\/\/chacosintesis.com.ar\/index.php\/wp-json\/wp\/v2\/types\/post"}],"author":[{"embeddable":true,"href":"https:\/\/chacosintesis.com.ar\/index.php\/wp-json\/wp\/v2\/users\/1"}],"replies":[{"embeddable":true,"href":"https:\/\/chacosintesis.com.ar\/index.php\/wp-json\/wp\/v2\/comments?post=26791"}],"version-history":[{"count":0,"href":"https:\/\/chacosintesis.com.ar\/index.php\/wp-json\/wp\/v2\/posts\/26791\/revisions"}],"wp:featuredmedia":[{"embeddable":true,"href":"https:\/\/chacosintesis.com.ar\/index.php\/wp-json\/wp\/v2\/media\/26792"}],"wp:attachment":[{"href":"https:\/\/chacosintesis.com.ar\/index.php\/wp-json\/wp\/v2\/media?parent=26791"}],"wp:term":[{"taxonomy":"category","embeddable":true,"href":"https:\/\/chacosintesis.com.ar\/index.php\/wp-json\/wp\/v2\/categories?post=26791"},{"taxonomy":"post_tag","embeddable":true,"href":"https:\/\/chacosintesis.com.ar\/index.php\/wp-json\/wp\/v2\/tags?post=26791"}],"curies":[{"name":"wp","href":"https:\/\/api.w.org\/{rel}","templated":true}]}}