{"id":26789,"date":"2023-09-11T09:37:04","date_gmt":"2023-09-11T12:37:04","guid":{"rendered":"https:\/\/chacosintesis.com.ar\/?p=26789"},"modified":"2023-09-11T10:06:37","modified_gmt":"2023-09-11T13:06:37","slug":"resistencia-solicitan-informacion-sobre-el-paradero-de-naya-selene-lezcano","status":"publish","type":"post","link":"https:\/\/chacosintesis.com.ar\/index.php\/resistencia-solicitan-informacion-sobre-el-paradero-de-naya-selene-lezcano\/","title":{"rendered":"Resistencia: Solicitan informaci\u00f3n sobre el paradero de Naya Selene Lezcano"},"content":{"rendered":"<div class=\"postie-post\">La Polic\u00eda del Chaco, en base a una denuncia registrada en Comisar\u00eda S\u00e9ptima, solicita informaci\u00f3n sobre el paradero de Naya Selene Lezcano.<br \/>\nSeg\u00fan la informaci\u00f3n proporcionada en la denuncia, la joven de 24 a\u00f1os, tiene 1,65 metros de altura, contextura f\u00edsica delgada, tez blanca, cabello lacio casta\u00f1o claro y ojos color verdes. Llevaba pantal\u00f3n o calza negra larga, buzo de varios colores, pa\u00f1uelo beige, campera gris de tela piloto, zapatillas negras. Se la vio por \u00faltima vez en Avenida Nicaragua el viernes 8 de septiembre.<br \/>\nAnte cualquier novedad sobre la persona, acercarse a la unidad m\u00e1s pr\u00f3xima a su domicilio o comunicarse con la Comisar\u00eda S\u00e9ptima al 362-4474234 o al servicio de emergencias 911.<\/div>\n","protected":false},"excerpt":{"rendered":"<p>La Polic\u00eda del Chaco, en base a una denuncia registrada en Comisar\u00eda S\u00e9ptima, solicita informaci\u00f3n sobre el paradero de Naya Selene Lezcano. Seg\u00fan la informaci\u00f3n proporcionada en la denuncia, la joven de 24 a\u00f1os, tiene 1,65 metros de altura, contextura f\u00edsica delgada, tez blanca, cabello lacio casta\u00f1o claro y ojos color verdes. Llevaba pantal\u00f3n o [&hellip;]<\/p>\n","protected":false},"author":1,"featured_media":26790,"comment_status":"closed","ping_status":"closed","sticky":false,"template":"","format":"standard","meta":{"footnotes":""},"categories":[6],"tags":[],"class_list":{"0":"post-26789","1":"post","2":"type-post","3":"status-publish","4":"format-standard","5":"has-post-thumbnail","7":"category-chaco"},"_links":{"self":[{"href":"https:\/\/chacosintesis.com.ar\/index.php\/wp-json\/wp\/v2\/posts\/26789","targetHints":{"allow":["GET"]}}],"collection":[{"href":"https:\/\/chacosintesis.com.ar\/index.php\/wp-json\/wp\/v2\/posts"}],"about":[{"href":"https:\/\/chacosintesis.com.ar\/index.php\/wp-json\/wp\/v2\/types\/post"}],"author":[{"embeddable":true,"href":"https:\/\/chacosintesis.com.ar\/index.php\/wp-json\/wp\/v2\/users\/1"}],"replies":[{"embeddable":true,"href":"https:\/\/chacosintesis.com.ar\/index.php\/wp-json\/wp\/v2\/comments?post=26789"}],"version-history":[{"count":0,"href":"https:\/\/chacosintesis.com.ar\/index.php\/wp-json\/wp\/v2\/posts\/26789\/revisions"}],"wp:featuredmedia":[{"embeddable":true,"href":"https:\/\/chacosintesis.com.ar\/index.php\/wp-json\/wp\/v2\/media\/26790"}],"wp:attachment":[{"href":"https:\/\/chacosintesis.com.ar\/index.php\/wp-json\/wp\/v2\/media?parent=26789"}],"wp:term":[{"taxonomy":"category","embeddable":true,"href":"https:\/\/chacosintesis.com.ar\/index.php\/wp-json\/wp\/v2\/categories?post=26789"},{"taxonomy":"post_tag","embeddable":true,"href":"https:\/\/chacosintesis.com.ar\/index.php\/wp-json\/wp\/v2\/tags?post=26789"}],"curies":[{"name":"wp","href":"https:\/\/api.w.org\/{rel}","templated":true}]}}