{"id":26785,"date":"2023-09-10T21:50:29","date_gmt":"2023-09-11T00:50:29","guid":{"rendered":"https:\/\/chacosintesis.com.ar\/?p=26785"},"modified":"2023-09-10T22:06:52","modified_gmt":"2023-09-11T01:06:52","slug":"capitanich-los-quiero-convocar-a-constituir-esa-epopeya-que-significa-seguir-transformando-la-provincia","status":"publish","type":"post","link":"https:\/\/chacosintesis.com.ar\/index.php\/capitanich-los-quiero-convocar-a-constituir-esa-epopeya-que-significa-seguir-transformando-la-provincia\/","title":{"rendered":"Capitanich: \u201cLos quiero convocar a constituir esa epopeya que significa seguir transformando la provincia\u201d"},"content":{"rendered":"<div class=\"postie-post\">El gobernador llam\u00f3 a militantes y simpatizantes del Frente Chaque\u00f1o a \u201cpersuadir con energ\u00eda a cada uno de los vecinos y vecinas que nos faltan. \u201cNosotros sabemos muy bien lo que nos falta, por eso sabemos muy bien lo que necesitamos hacer\u201d, remarc\u00f3.<\/p>\n<p>El gobernador Jorge Capitanich y candidato a la reelecci\u00f3n por el Frente Chaque\u00f1o encabez\u00f3 este domingo un encuentro con fiscales de cara a las elecciones generales del 17 de septiembre. \u201cEl pr\u00f3ximo domingo tenemos una cita con la historia\u201d, expres\u00f3 el mandatario, dirigi\u00e9ndose a la militancia.<br \/>\nCapitanich llam\u00f3 a fiscales, militantes y simpatizantes del Frente Chaque\u00f1o (Lista 652) a \u201cpersuadir con energ\u00eda a cada uno de los vecinos y vecinas que nos faltan, a los que no fueron a votar, a los que votaron en blanco, a los que se dejan llevar muchas veces por los discursos del odio y de la discriminaci\u00f3n, los quiero convocar a constituir esa epopeya que significa seguir transformando la provincia en los pr\u00f3ximos cuatro a\u00f1os\u201d.<br \/>\nY con respecto a los desaf\u00edos a futuro, el gobernador expres\u00f3: \u201cNosotros sabemos muy bien lo que nos falta, por eso sabemos muy bien lo que necesitamos hacer. Por eso tenemos que ganar contundentemente las elecciones y fiscalizar voto a voto\u201d.<br \/>\nCapitanich llam\u00f3 a intensificar la tarea militante en esta \u00faltima semana y recorrer cada barrio y cada casa: \u201cSe los pido como un humilde compa\u00f1ero que tuvo la enorme satisfacci\u00f3n de representar a este maravilloso pueblo chaque\u00f1o. El amor y el afecto de cada uno de nuestros compa\u00f1eros y compa\u00f1eras, de cada uno de nuestros vecinos y vecinas, es el mayor respaldo que me llevar\u00e9 siempre en el coraz\u00f3n\u201d, expres\u00f3.<\/p>\n<p>Propuestas para el Chaco del futuro<\/p>\n<p>Hacia su pr\u00f3xima gesti\u00f3n, el gobernador y candidato a la reelecci\u00f3n por el Frente Chaque\u00f1o propone la entrega de 50.000 t\u00edtulos de propiedad urbana, 20.000 viviendas y la generaci\u00f3n de 200.000 empleos privados formales en 20 cadenas de valor de la econom\u00eda productiva.<br \/>\n\u201cTenemos la autoridad moral y podemos expresar nuestras propuestas porque cada vez que nos comprometimos con el pueblo chaque\u00f1o cumplimos nuestros objetivos\u201d, destac\u00f3 y record\u00f3 que \u201cen los \u00faltimos 15 d\u00edas he podido recorrer  43 localidades, inauguramos m\u00e1s de 150 obras, y tambi\u00e9n abrimos oportunidades de trabajo a muchos hermanos nuestros de toda la provincia\u201d.<br \/>\nAdem\u00e1s, destac\u00f3 la inauguraci\u00f3n, en los \u00faltimos siete d\u00edas, de nueve emprendimientos industriales \u201cque garantizan la generaci\u00f3n de cerca de 5.000 empleos en forma progresiva y 10.000 en forma escalonada\u201d.<\/p>\n<p>\u201cUn \u00f1oqui no puede conducir los destinos de la provincia\u201d<\/p>\n<p>Durante su discurso, Capitanich no escatim\u00f3 en cr\u00edticas a la oposici\u00f3n, y asegur\u00f3 que \u201cno cabe la menor duda de que un \u00f1oqui no puede conducir los destinos de la provincia. Por eso es necesario comparar trayectorias, antecedentes y experiencias\u201d.<br \/>\nY agreg\u00f3: \u201cF\u00edjense en nuestros opositores, que todo el tiempo critican. \u00bfQu\u00e9 pueden hablar de salud si eliminaron el Ministerio de Salud P\u00fablica? \u00bfQu\u00e9 pueden hablar de educaci\u00f3n y salarios docentes si eliminaron las paritarias nacionales? \u00bfQu\u00e9 pueden decir de tecnolog\u00eda y modernizaci\u00f3n en las escuelas si eliminaron el plan Conectar Igualdad? Son unos mentirosos. Siempre lo han sido\u201d.<br \/>\n\u201cHay uno que se considera experto en planificaci\u00f3n que no tiene plan, dice que van a mostrar un plan, que lo van a anunciar, que van a convocar para hacerlo. \u00bfSaben por qu\u00e9? Porque no tienen un plan de gobierno, no tienen equipos, no son capaces de haber demostrado absolutamente nada en su vida\u201d, apunt\u00f3.<br \/>\nAdem\u00e1s, calific\u00e1ndolos como \u201c\u00fatiles a la maquinaria de poder\u201d, remarc\u00f3 que \u201cnunca han tenido coraje para tomar una decisi\u00f3n que implique garantizar derechos en favor de nuestro pueblo\u201d.<br \/>\nEn contraposici\u00f3n, Capitanich expres\u00f3: \u201csiento orgullo de que nunca levant\u00e9 la mano como senador nacional de la provincia del Chaco para cercenar ning\u00fan derecho, sino para adoptar ampliaciones de derechos. Y jam\u00e1s como gobernador de la provincia firm\u00e9 un decreto para reducir un cargo de un trabajador. Simplemente lo he hecho con la disposici\u00f3n necesaria para garantizar derechos a todos y todas\u201d.<\/p><\/div>\n","protected":false},"excerpt":{"rendered":"<p>El gobernador llam\u00f3 a militantes y simpatizantes del Frente Chaque\u00f1o a \u201cpersuadir con energ\u00eda a cada uno de los vecinos y vecinas que nos faltan. \u201cNosotros sabemos muy bien lo que nos falta, por eso sabemos muy bien lo que necesitamos hacer\u201d, remarc\u00f3. El gobernador Jorge Capitanich y candidato a la reelecci\u00f3n por el Frente [&hellip;]<\/p>\n","protected":false},"author":1,"featured_media":26786,"comment_status":"closed","ping_status":"closed","sticky":false,"template":"","format":"standard","meta":{"footnotes":""},"categories":[6],"tags":[],"class_list":{"0":"post-26785","1":"post","2":"type-post","3":"status-publish","4":"format-standard","5":"has-post-thumbnail","7":"category-chaco"},"_links":{"self":[{"href":"https:\/\/chacosintesis.com.ar\/index.php\/wp-json\/wp\/v2\/posts\/26785","targetHints":{"allow":["GET"]}}],"collection":[{"href":"https:\/\/chacosintesis.com.ar\/index.php\/wp-json\/wp\/v2\/posts"}],"about":[{"href":"https:\/\/chacosintesis.com.ar\/index.php\/wp-json\/wp\/v2\/types\/post"}],"author":[{"embeddable":true,"href":"https:\/\/chacosintesis.com.ar\/index.php\/wp-json\/wp\/v2\/users\/1"}],"replies":[{"embeddable":true,"href":"https:\/\/chacosintesis.com.ar\/index.php\/wp-json\/wp\/v2\/comments?post=26785"}],"version-history":[{"count":0,"href":"https:\/\/chacosintesis.com.ar\/index.php\/wp-json\/wp\/v2\/posts\/26785\/revisions"}],"wp:featuredmedia":[{"embeddable":true,"href":"https:\/\/chacosintesis.com.ar\/index.php\/wp-json\/wp\/v2\/media\/26786"}],"wp:attachment":[{"href":"https:\/\/chacosintesis.com.ar\/index.php\/wp-json\/wp\/v2\/media?parent=26785"}],"wp:term":[{"taxonomy":"category","embeddable":true,"href":"https:\/\/chacosintesis.com.ar\/index.php\/wp-json\/wp\/v2\/categories?post=26785"},{"taxonomy":"post_tag","embeddable":true,"href":"https:\/\/chacosintesis.com.ar\/index.php\/wp-json\/wp\/v2\/tags?post=26785"}],"curies":[{"name":"wp","href":"https:\/\/api.w.org\/{rel}","templated":true}]}}