{"id":26779,"date":"2023-09-10T14:52:04","date_gmt":"2023-09-10T17:52:04","guid":{"rendered":"https:\/\/chacosintesis.com.ar\/?p=26779"},"modified":"2023-09-10T15:06:47","modified_gmt":"2023-09-10T18:06:47","slug":"el-gobierno-provincial-desmiente-convocatoria-a-retirar-vales-por-electrodomesticos-y-herramientas","status":"publish","type":"post","link":"https:\/\/chacosintesis.com.ar\/index.php\/el-gobierno-provincial-desmiente-convocatoria-a-retirar-vales-por-electrodomesticos-y-herramientas\/","title":{"rendered":"El Gobierno provincial desmiente convocatoria a retirar vales por electrodom\u00e9sticos y herramientas"},"content":{"rendered":"<div class=\"postie-post\">El Gobierno del Chaco desmiente categ\u00f3ricamente las afirmaciones falsas que circulan v\u00eda Whatsapp sobre una supuesta convocatoria a retirar vales por electrodom\u00e9sticos y herramientas.<\/p>\n<p>En medio de una campa\u00f1a de desinformaci\u00f3n que ha circulado en las redes sociales en las \u00faltimas semanas, el Gobierno del Chaco desmiente categ\u00f3ricamente las afirmaciones falsas que circulan v\u00eda Whatsapp sobre una supuesta convocatoria a retirar vales por electrodom\u00e9sticos y herramientas.<br \/>\nEstos rumores, difundidos de manera maliciosa a trav\u00e9s de plataformas digitales, afirmaban que el Gobierno Provincial convocaba a movimientos sociales, cooperativas, fundaciones y ciudadanos en general para que retiraran vales destinados a la adquisici\u00f3n de electrodom\u00e9sticos y herramientas. Sin embargo, esta informaci\u00f3n es completamente falsa.<br \/>\nEs importante aclarar que las entregas de herramientas, gestionadas por la Fundaci\u00f3n Chaco Solidario, se realizan de acuerdo con un cronograma establecido y no existen convocatorias espont\u00e1neas. Esta fundaci\u00f3n trabaja de manera transparente y planificada para llegar a quienes m\u00e1s lo necesitan en el momento adecuado.<br \/>\nDesde el Gobierno provincial se reitera el compromiso con la transparencia y la veracidad de la informaci\u00f3n que comparte con la ciudadan\u00eda y lamentaron la difusi\u00f3n de informaci\u00f3n falsa que solo busca desinformar a la poblaci\u00f3n y crear confusi\u00f3n.<br \/>\nParalelamente, se reitera el llamado a la ciudadan\u00eda a verificar la informaci\u00f3n antes de compartirla en las redes sociales, como as\u00ed tambi\u00e9n al uso responsable y prudente de las redes para evitar la propagaci\u00f3n de desinformaci\u00f3n, y a denunciar cualquier intento de desinformaci\u00f3n o campa\u00f1a sucia que pueda surgir.<br \/>\nAnte cualquier duda o consulta, se insta a la ciudadan\u00eda a comunicarse con los canales oficiales del Gobierno del Chaco para obtener informaci\u00f3n veraz y actualizada sobre las acciones gubernamentales.<\/p><\/div>\n","protected":false},"excerpt":{"rendered":"<p>El Gobierno del Chaco desmiente categ\u00f3ricamente las afirmaciones falsas que circulan v\u00eda Whatsapp sobre una supuesta convocatoria a retirar vales por electrodom\u00e9sticos y herramientas. En medio de una campa\u00f1a de desinformaci\u00f3n que ha circulado en las redes sociales en las \u00faltimas semanas, el Gobierno del Chaco desmiente categ\u00f3ricamente las afirmaciones falsas que circulan v\u00eda Whatsapp [&hellip;]<\/p>\n","protected":false},"author":1,"featured_media":26780,"comment_status":"closed","ping_status":"closed","sticky":false,"template":"","format":"standard","meta":{"footnotes":""},"categories":[6],"tags":[],"class_list":{"0":"post-26779","1":"post","2":"type-post","3":"status-publish","4":"format-standard","5":"has-post-thumbnail","7":"category-chaco"},"_links":{"self":[{"href":"https:\/\/chacosintesis.com.ar\/index.php\/wp-json\/wp\/v2\/posts\/26779","targetHints":{"allow":["GET"]}}],"collection":[{"href":"https:\/\/chacosintesis.com.ar\/index.php\/wp-json\/wp\/v2\/posts"}],"about":[{"href":"https:\/\/chacosintesis.com.ar\/index.php\/wp-json\/wp\/v2\/types\/post"}],"author":[{"embeddable":true,"href":"https:\/\/chacosintesis.com.ar\/index.php\/wp-json\/wp\/v2\/users\/1"}],"replies":[{"embeddable":true,"href":"https:\/\/chacosintesis.com.ar\/index.php\/wp-json\/wp\/v2\/comments?post=26779"}],"version-history":[{"count":0,"href":"https:\/\/chacosintesis.com.ar\/index.php\/wp-json\/wp\/v2\/posts\/26779\/revisions"}],"wp:featuredmedia":[{"embeddable":true,"href":"https:\/\/chacosintesis.com.ar\/index.php\/wp-json\/wp\/v2\/media\/26780"}],"wp:attachment":[{"href":"https:\/\/chacosintesis.com.ar\/index.php\/wp-json\/wp\/v2\/media?parent=26779"}],"wp:term":[{"taxonomy":"category","embeddable":true,"href":"https:\/\/chacosintesis.com.ar\/index.php\/wp-json\/wp\/v2\/categories?post=26779"},{"taxonomy":"post_tag","embeddable":true,"href":"https:\/\/chacosintesis.com.ar\/index.php\/wp-json\/wp\/v2\/tags?post=26779"}],"curies":[{"name":"wp","href":"https:\/\/api.w.org\/{rel}","templated":true}]}}