{"id":26777,"date":"2023-09-10T11:33:09","date_gmt":"2023-09-10T14:33:09","guid":{"rendered":"https:\/\/chacosintesis.com.ar\/?p=26777"},"modified":"2023-09-10T11:36:53","modified_gmt":"2023-09-10T14:36:53","slug":"la-delegacion-chaquena-comenzo-su-participacion-en-la-final-nacional-de-los-juegos-evita-para-adultos-mayores","status":"publish","type":"post","link":"https:\/\/chacosintesis.com.ar\/index.php\/la-delegacion-chaquena-comenzo-su-participacion-en-la-final-nacional-de-los-juegos-evita-para-adultos-mayores\/","title":{"rendered":"La delegaci\u00f3n chaque\u00f1a comenz\u00f3 su participaci\u00f3n en la final nacional de los Juegos Evita para adultos mayores"},"content":{"rendered":"<div class=\"postie-post\">La delegaci\u00f3n chaque\u00f1a marc\u00f3 presencia en el lanzamiento oficial de la edici\u00f3n 2023 de los Juegos Evita para personas mayores que se realiz\u00f3 en la explanada de la plaza San Mart\u00edn en las Termas de R\u00edo Hondo.<br \/>\nLos Juegos Evita re\u00fane a adultos mayores de todo el pa\u00eds en una competencia deportiva y cultural, comenz\u00f3 con un emocionante festival que incluy\u00f3 n\u00fameros art\u00edsticos y actuaciones de academias de baile locales y reconocimiento a quienes hacen posible este logro deportivo, sociocultural.<br \/>\nEl acto de lanzamiento cont\u00f3 con la presencia de destacadas autoridades, incluyendo al Subsecretario de Deportes de la Naci\u00f3n, Sergio Palma, el intendente de Las Termas de R\u00edo Hondo, Jorge Mukdise, y el Jefe de Gabinete de Ministros en representaci\u00f3n del gobernador Gerardo Zamora, El\u00edas Su\u00e1rez.<br \/>\nLa delegaci\u00f3n Chaque\u00f1a est\u00e1 acompa\u00f1ada por el vocal de la cartera deportiva Sergio Cardozo, el coordinador deportivo profesor Lucas Vallejos y el coordinador de adultos mayores profesor  Juan Carlos Moyano entre otros profesores y coordinadores.<\/p>\n<p>Primeros resultados:<br \/>\n 1) Truco mixto: Chaco gan\u00f3 30 vs  Caba 19; Chaco perdi\u00f3 27  vs Mendoza 30.<br \/>\n2) Tejo Masculino Chaco perdi\u00f3 contra Jujuy 15-1<br \/>\n3) Tejo Femenino, Chaco perdi\u00f3 contra Catamarca 14-1<br \/>\n4) Tejo Mixto, Chaco gan\u00f3 a San Juan 15-12<br \/>\n5) Ajedrez masculino Chaco gan\u00f3 a Misiones<br \/>\n6) Ajedrez mixto, Chaco perdi\u00f3 frente a Misiones<br \/>\n7) Tenis de mesa, doble masculino Chaco gan\u00f3 3-0 a Tucum\u00e1n<br \/>\n8) Tenis de mesa femenino Chaco perdi\u00f3 3-0 frente a Chubut<br \/>\n9) Tenis de mesa mixto Chaco gan\u00f3 3-0 a Mendoza.-<br \/>\n10) Sapo masculino Chaco entr\u00f3 a zona de campeonato<br \/>\n11) Sapo femenino en espera de clasificaci\u00f3n<br \/>\n12) Newcon mixto Chaco perdi\u00f3  frente a CABA<br \/>\n13) Truco mixto Chaco perdi\u00f3 frente a Mendoza 27-30  y gana a CABA 30-19<br \/>\n14) Padel mixto Chaco perdi\u00f3 frente a Santa Fe<br \/>\n15) Orientaci\u00f3n femenina, Chaco termina recorrida y espera clasificaci\u00f3n<\/p><\/div>\n","protected":false},"excerpt":{"rendered":"<p>La delegaci\u00f3n chaque\u00f1a marc\u00f3 presencia en el lanzamiento oficial de la edici\u00f3n 2023 de los Juegos Evita para personas mayores que se realiz\u00f3 en la explanada de la plaza San Mart\u00edn en las Termas de R\u00edo Hondo. Los Juegos Evita re\u00fane a adultos mayores de todo el pa\u00eds en una competencia deportiva y cultural, comenz\u00f3 [&hellip;]<\/p>\n","protected":false},"author":1,"featured_media":26778,"comment_status":"closed","ping_status":"closed","sticky":false,"template":"","format":"standard","meta":{"footnotes":""},"categories":[6],"tags":[],"class_list":{"0":"post-26777","1":"post","2":"type-post","3":"status-publish","4":"format-standard","5":"has-post-thumbnail","7":"category-chaco"},"_links":{"self":[{"href":"https:\/\/chacosintesis.com.ar\/index.php\/wp-json\/wp\/v2\/posts\/26777","targetHints":{"allow":["GET"]}}],"collection":[{"href":"https:\/\/chacosintesis.com.ar\/index.php\/wp-json\/wp\/v2\/posts"}],"about":[{"href":"https:\/\/chacosintesis.com.ar\/index.php\/wp-json\/wp\/v2\/types\/post"}],"author":[{"embeddable":true,"href":"https:\/\/chacosintesis.com.ar\/index.php\/wp-json\/wp\/v2\/users\/1"}],"replies":[{"embeddable":true,"href":"https:\/\/chacosintesis.com.ar\/index.php\/wp-json\/wp\/v2\/comments?post=26777"}],"version-history":[{"count":0,"href":"https:\/\/chacosintesis.com.ar\/index.php\/wp-json\/wp\/v2\/posts\/26777\/revisions"}],"wp:featuredmedia":[{"embeddable":true,"href":"https:\/\/chacosintesis.com.ar\/index.php\/wp-json\/wp\/v2\/media\/26778"}],"wp:attachment":[{"href":"https:\/\/chacosintesis.com.ar\/index.php\/wp-json\/wp\/v2\/media?parent=26777"}],"wp:term":[{"taxonomy":"category","embeddable":true,"href":"https:\/\/chacosintesis.com.ar\/index.php\/wp-json\/wp\/v2\/categories?post=26777"},{"taxonomy":"post_tag","embeddable":true,"href":"https:\/\/chacosintesis.com.ar\/index.php\/wp-json\/wp\/v2\/tags?post=26777"}],"curies":[{"name":"wp","href":"https:\/\/api.w.org\/{rel}","templated":true}]}}