{"id":26775,"date":"2023-09-10T11:28:48","date_gmt":"2023-09-10T14:28:48","guid":{"rendered":"https:\/\/chacosintesis.com.ar\/?p=26775"},"modified":"2023-09-10T11:36:48","modified_gmt":"2023-09-10T14:36:48","slug":"zdero-en-la-peatonal-de-resistencia-hay-olor-a-cambio-en-cada-rincon-del-chaco","status":"publish","type":"post","link":"https:\/\/chacosintesis.com.ar\/index.php\/zdero-en-la-peatonal-de-resistencia-hay-olor-a-cambio-en-cada-rincon-del-chaco\/","title":{"rendered":"Zdero en la peatonal de Resistencia: &#8220;Hay olor a cambio en cada rinc\u00f3n del Chaco&#8221;"},"content":{"rendered":"<div class=\"postie-post\">Leandro Zdero, candidato a gobernador de Juntos para el Cambio, estuvo en la Peatonal de Resistencia dialogando con los vecinos y   contando sus propuestas, en el marco de las elecciones generales previstas para el pr\u00f3ximo domingo 17 de septiembre. \u201cSeguimos muy entusiasmados, consolidando nuestra alianza con la gente, porque los chaque\u00f1os est\u00e1n cansados de lo mismo, de un gobierno agotado que ya no sabe, no quiere o no puede resolver las demandas\u201d- indic\u00f3.<br \/>\nDurante la tarde de este s\u00e1bado, Zdero habl\u00f3 con los transe\u00fantes de la Peatonal y agradeci\u00f3 cada gesto de acompa\u00f1amiento para estas elecciones a gobernador. \u201cHay afecto en cada rinc\u00f3n de la provincia, volvimos de otras recorridas, con reuniones y caravanas en otras localidades, como en Quitilipi, Machagai y Presidencia de la Plaza. Ahora aqu\u00ed, con el acompa\u00f1amiento de la gente y esas palmadas de aliento que reconfortan ese trabajo de lograr un Chaco de oportunidades para todos\u201d.<br \/>\nEN EL CHACO, LA ESPERANZA DEJAR\u00c1 ATR\u00c1S A LA RESIGNACI\u00d3N<br \/>\nPor \u00faltimo, Zdero manifest\u00f3: \u201cEstamos agradecidos por el recibimiento que nos brindan en cada localidad y pedimos humildemente el acompa\u00f1amiento con el voto, el pr\u00f3ximo domingo. Creemos que los chaque\u00f1os van a optar fundamentalmente por dar vuelta la p\u00e1gina para hacer historia en el Chaco y esa alianza con todos los sectores nos transforma en la alternativa para gobernar la provincia. Tenemos un Plan de Gobierno, tenemos un norte a seguir, hay esperanzas y futuro; se viene un nuevo Chaco, un tiempo de oportunidades, con una construcci\u00f3n s\u00f3lida que hemos logrado casa por casa, tranquera por tranquera y localidad por localidad\u201d.<\/div>\n","protected":false},"excerpt":{"rendered":"<p>Leandro Zdero, candidato a gobernador de Juntos para el Cambio, estuvo en la Peatonal de Resistencia dialogando con los vecinos y contando sus propuestas, en el marco de las elecciones generales previstas para el pr\u00f3ximo domingo 17 de septiembre. \u201cSeguimos muy entusiasmados, consolidando nuestra alianza con la gente, porque los chaque\u00f1os est\u00e1n cansados de lo [&hellip;]<\/p>\n","protected":false},"author":1,"featured_media":26776,"comment_status":"closed","ping_status":"closed","sticky":false,"template":"","format":"standard","meta":{"footnotes":""},"categories":[6],"tags":[],"class_list":{"0":"post-26775","1":"post","2":"type-post","3":"status-publish","4":"format-standard","5":"has-post-thumbnail","7":"category-chaco"},"_links":{"self":[{"href":"https:\/\/chacosintesis.com.ar\/index.php\/wp-json\/wp\/v2\/posts\/26775","targetHints":{"allow":["GET"]}}],"collection":[{"href":"https:\/\/chacosintesis.com.ar\/index.php\/wp-json\/wp\/v2\/posts"}],"about":[{"href":"https:\/\/chacosintesis.com.ar\/index.php\/wp-json\/wp\/v2\/types\/post"}],"author":[{"embeddable":true,"href":"https:\/\/chacosintesis.com.ar\/index.php\/wp-json\/wp\/v2\/users\/1"}],"replies":[{"embeddable":true,"href":"https:\/\/chacosintesis.com.ar\/index.php\/wp-json\/wp\/v2\/comments?post=26775"}],"version-history":[{"count":0,"href":"https:\/\/chacosintesis.com.ar\/index.php\/wp-json\/wp\/v2\/posts\/26775\/revisions"}],"wp:featuredmedia":[{"embeddable":true,"href":"https:\/\/chacosintesis.com.ar\/index.php\/wp-json\/wp\/v2\/media\/26776"}],"wp:attachment":[{"href":"https:\/\/chacosintesis.com.ar\/index.php\/wp-json\/wp\/v2\/media?parent=26775"}],"wp:term":[{"taxonomy":"category","embeddable":true,"href":"https:\/\/chacosintesis.com.ar\/index.php\/wp-json\/wp\/v2\/categories?post=26775"},{"taxonomy":"post_tag","embeddable":true,"href":"https:\/\/chacosintesis.com.ar\/index.php\/wp-json\/wp\/v2\/tags?post=26775"}],"curies":[{"name":"wp","href":"https:\/\/api.w.org\/{rel}","templated":true}]}}