{"id":26771,"date":"2023-09-10T10:11:01","date_gmt":"2023-09-10T13:11:01","guid":{"rendered":"https:\/\/chacosintesis.com.ar\/?p=26771"},"modified":"2023-09-10T10:36:53","modified_gmt":"2023-09-10T13:36:53","slug":"el-gobierno-provincial-adelanta-el-incremento-salarial-del-12-y-lo-pagara-esta-semana","status":"publish","type":"post","link":"https:\/\/chacosintesis.com.ar\/index.php\/el-gobierno-provincial-adelanta-el-incremento-salarial-del-12-y-lo-pagara-esta-semana\/","title":{"rendered":"El Gobierno provincial adelanta el incremento salarial del 12% y lo pagar\u00e1 esta semana"},"content":{"rendered":"<div class=\"postie-post\">El aumento, que originalmente estaba previsto para octubre, se pagar\u00e1 de manera extraordinaria antes del viernes, mientras que los salarios se abonar\u00e1n antes de fin de mes, como ya es habitual. El incremento alcanza a todas y todos los trabajadores y jubilados.<\/p>\n<p>El gobernador Jorge Capitanich junto al ministro de Planificaci\u00f3n, Econom\u00eda e Infraestructura Santiago P\u00e9rez Pons anunciaron este s\u00e1bado un nuevo paquete econ\u00f3mico, que incluye un adelanto del 12% de la pauta salarial (prevista originalmente para octubre), y alcanza a las y los trabajadores activos y jubilados. Tambi\u00e9n anunciaron incrementos para las becas provinciales con contraprestaci\u00f3n laboral (M\u00e1s Inclusi\u00f3n, Instituto del Deporte, Conveniados del Instituto de Cultura y Servicio y Mantenimiento escolar).<br \/>\n\u201cSabemos que la Argentina est\u00e1 atravesando un contexto dif\u00edcil para las familias y el Estado provincial trabaja d\u00eda a d\u00eda para cuidar y seguir cumpliendo los compromisos asumidos con las y los trabajadores\u201d, explic\u00f3 Capitanich.<br \/>\nPor eso, \u201cen cada momento de inestabilidad, hemos respondido r\u00e1pidamente con iniciativas que lo \u00fanico que buscan es que el salario de los trabajadores no pierda contra la inflaci\u00f3n. Lo hicimos el mayo, en julio, y tambi\u00e9n en agosto, cuando dimos un aumento extraordinario. Ahora en septiembre hemos tomado la definici\u00f3n de volver a readecuar la pauta salarial de la Administraci\u00f3n P\u00fablica\u201d, a\u00f1adi\u00f3.<br \/>\nEn concreto, \u201cdispondremos de un adelantamiento a septiembre del 12%\u201d, precis\u00f3.  Adem\u00e1s, dijo que ese porcentaje del incremento \u201cser\u00e1 pagado de manera adelantada, para que ning\u00fan trabajador tenga que esperar a fin de mes para recomponer sus ingresos\u201d.<br \/>\nDe esta manera, todas y todos los trabajadores recibir\u00e1n a modo de adelanto el 12% que ser\u00e1 pagado a finales de esta semana. Y luego, antes de fin de mes, cobrar\u00e1n su sueldo como todos los meses. \u201cLa paritaria seguir\u00e1 abierta para seguir monitoreando la situaci\u00f3n mes a mes\u201d, anticip\u00f3 el titular del Ejecutivo chaque\u00f1o.<br \/>\nCon esta medida adoptada por el gobierno provincial, \u201ccualquier trabajador o trabajadora de la Administraci\u00f3n tiene garantizado un piso de actualizaci\u00f3n de al menos 90% hacia el mes de septiembre\u201d, indic\u00f3 el ministro de Planificaci\u00f3n, Econom\u00eda e Infraestructura Santiago P\u00e9rez Pons.<\/p>\n<p>Beneficiados<\/p>\n<p>Este anticipo de aumento del 12% alcanza al Escalaf\u00f3n general de la Administraci\u00f3n P\u00fablica (incluyendo salud p\u00fablica), a todos los organismos descentralizados y aut\u00e1rquicos, al Poder Legislativo, a la polic\u00eda y al servicio penitenciario.<br \/>\nEn el caso del sector docente, \u201ctendr\u00e1n un adelantamiento de la cl\u00e1usula gatillo del 12%. A eso se suman 200 puntos adicionales como recomposici\u00f3n que tambi\u00e9n cobrar\u00e1n este mes\u201d, seg\u00fan los n\u00fameros dados a conocer por el titular de la cartera econ\u00f3mica. Este 12% y los 200 puntos ser\u00e1n pagados de manera adelantada esta semana.<br \/>\nPara los trabajadores del Poder Judicial, en septiembre tendr\u00e1n el aumento correspondiente al ajuste por revisi\u00f3n que le corresponde por ley. Pero tambi\u00e9n se les adelantar\u00e1 un 12% de ese ajuste para que lo cobren de manera inmediata.<\/p>\n<p>Becas provinciales<\/p>\n<p>El gobierno provincial tambi\u00e9n dar\u00e1 un aumento para trabajadores y trabajadoras de becas provinciales con contraprestaci\u00f3n laboral en el Estado: M\u00e1s Inclusi\u00f3n (Ministerio de Desarrollo Social), Becas del Instituto del Deporte, Becas del Instituto de Cultura y Servicio y Mantenimiento de Escuelas (Ministerio de Educaci\u00f3n).<br \/>\nEn este caso, el incremento ser\u00e1 de 12% m\u00e1s una suma de $12.000 a cada escala y se har\u00e1 efectivo con retroactividad a agosto. \u201cEl cronograma de pagos iniciar\u00e1 el lunes con los valores anteriores y la diferencia se abonar\u00e1 en el transcurso de esta semana\u201d, explic\u00f3 Capitanich. Lo que se traduce en que las y los beneficiarios de becas alcanzan un piso de actualizaci\u00f3n del 90% hacia el mes de septiembre.<br \/>\n\u201cSeguimos cuidando a todos nuestros trabajadores provinciales para, como siempre decimos, que los salarios le sigan ganando a la inflaci\u00f3n\u201d, finaliz\u00f3 el ministro de Planificaci\u00f3n, Econom\u00eda e Infraestructura.<\/p>\n<p>En resumen<\/p>\n<p>-Los jubilados y trabajadores de la Administraci\u00f3n Central, organismos descentralizados, entes aut\u00e1rquicos, polic\u00edas, servicio penitenciario y del Poder Legislativo tendr\u00e1n un adelanto del 12% de la pauta salarial y ese 12% se pagar\u00e1 de manera adelantada durante la semana.<br \/>\n-Los docentes tendr\u00e1n un 12% como adelanto de la cl\u00e1usula gatillo y un aumento de 200 puntos al concepto \u201cRecomposici\u00f3n Docente\u201d. Tanto el 12% como los 200 puntos ser\u00e1n pagados por adelantado esta semana.<br \/>\n-El Poder Judicial tendr\u00e1 este mes el aumento correspondiente al \u201cAjuste por Revisi\u00f3n\u201d (Ley 3424-A) y un adelanto de ese ajuste del 12% que ser\u00e1 pagado esta semana.<br \/>\n-Por \u00faltimo, las becas con contraprestaci\u00f3n laboral (M\u00e1s Inclusi\u00f3n, Servicio y Mantenimiento Escolar y becados de Deporte y Cultura) tendr\u00e1n un aumento de su beca de 12% + $12.000 a cada escala con retroactividad a agosto. El reajuste se pagar\u00e1 esta semana.<\/p><\/div>\n","protected":false},"excerpt":{"rendered":"<p>El aumento, que originalmente estaba previsto para octubre, se pagar\u00e1 de manera extraordinaria antes del viernes, mientras que los salarios se abonar\u00e1n antes de fin de mes, como ya es habitual. El incremento alcanza a todas y todos los trabajadores y jubilados. El gobernador Jorge Capitanich junto al ministro de Planificaci\u00f3n, Econom\u00eda e Infraestructura Santiago [&hellip;]<\/p>\n","protected":false},"author":1,"featured_media":26772,"comment_status":"closed","ping_status":"closed","sticky":false,"template":"","format":"standard","meta":{"footnotes":""},"categories":[6],"tags":[],"class_list":{"0":"post-26771","1":"post","2":"type-post","3":"status-publish","4":"format-standard","5":"has-post-thumbnail","7":"category-chaco"},"_links":{"self":[{"href":"https:\/\/chacosintesis.com.ar\/index.php\/wp-json\/wp\/v2\/posts\/26771","targetHints":{"allow":["GET"]}}],"collection":[{"href":"https:\/\/chacosintesis.com.ar\/index.php\/wp-json\/wp\/v2\/posts"}],"about":[{"href":"https:\/\/chacosintesis.com.ar\/index.php\/wp-json\/wp\/v2\/types\/post"}],"author":[{"embeddable":true,"href":"https:\/\/chacosintesis.com.ar\/index.php\/wp-json\/wp\/v2\/users\/1"}],"replies":[{"embeddable":true,"href":"https:\/\/chacosintesis.com.ar\/index.php\/wp-json\/wp\/v2\/comments?post=26771"}],"version-history":[{"count":0,"href":"https:\/\/chacosintesis.com.ar\/index.php\/wp-json\/wp\/v2\/posts\/26771\/revisions"}],"wp:featuredmedia":[{"embeddable":true,"href":"https:\/\/chacosintesis.com.ar\/index.php\/wp-json\/wp\/v2\/media\/26772"}],"wp:attachment":[{"href":"https:\/\/chacosintesis.com.ar\/index.php\/wp-json\/wp\/v2\/media?parent=26771"}],"wp:term":[{"taxonomy":"category","embeddable":true,"href":"https:\/\/chacosintesis.com.ar\/index.php\/wp-json\/wp\/v2\/categories?post=26771"},{"taxonomy":"post_tag","embeddable":true,"href":"https:\/\/chacosintesis.com.ar\/index.php\/wp-json\/wp\/v2\/tags?post=26771"}],"curies":[{"name":"wp","href":"https:\/\/api.w.org\/{rel}","templated":true}]}}