{"id":26769,"date":"2023-09-09T15:36:05","date_gmt":"2023-09-09T18:36:05","guid":{"rendered":"https:\/\/chacosintesis.com.ar\/?p=26769"},"modified":"2023-09-09T15:36:37","modified_gmt":"2023-09-09T18:36:37","slug":"zdero-en-san-martinmis-funcionarios-van-a-estar-en-el-territorio-no-en-los-escritorios","status":"publish","type":"post","link":"https:\/\/chacosintesis.com.ar\/index.php\/zdero-en-san-martinmis-funcionarios-van-a-estar-en-el-territorio-no-en-los-escritorios\/","title":{"rendered":"Zdero en San Mart\u00edn:&#8221;Mis funcionarios van a estar en el territorio, no en los escritorios&#8221;"},"content":{"rendered":"<div class=\"postie-post\">Leandro Zdero, candidato a Gobernador de Juntos por el Cambio, estuvo reunido en la Sociedad Rural, en Gral. San Mart\u00edn con diversos sectores productivos, ganaderos y comercial para escuchar las demandas y exponer sus propuestas, de cara a las elecciones generales del pr\u00f3ximo 17 de septiembre. \u201cVenimos, como en cada localidad, a brindar certidumbre a los productores, a trav\u00e9s de un plan de estado responsable y preciso que convoque a todos. Nos reunimos aqu\u00ed, para establecer pol\u00edticas en conjunto, generar obras e infraestructura para el desarrollo y apoyar a quienes movilizan nuestra econom\u00eda. Vamos a estar siempre del lado del campo, por eso, mis funcionarios van a estar en cada paraje y en las chacras, no en los escritorios\u201d.<\/p>\n<p> Zdero adem\u00e1s manifest\u00f3 que es fundamental garantizar el bienestar y la seguridad para estos sectores porque \u201cSi el campo no siembra ni produce, la gente no come. El campo es el motor econ\u00f3mico y productivo del Chaco, y cuando al campo le va bien, le va bien a todos los chaque\u00f1os. Se de lo que estoy hablando porque estuve tranquera por tranquera, y ser\u00e9 el gobernador que los acompa\u00f1e con obras de infraestructura, con electrificaci\u00f3n rural, con agua, con luz, viviendas rurales, seguridad y conectividad\u201d.<\/p>\n<p> VAMOS A GENERAR ALTERNATIVAS PARA LA CAPTACI\u00d3N DE AGUA EN LOS CAMPOS Por \u00faltimo, Zdero asegur\u00f3 que: \u201cVamos a implementar l\u00edneas de cr\u00e9ditos blandos para que sigan apostando a la producci\u00f3n y adem\u00e1s vamos a trabajar con mucho vigor para combatir el hurto de ganado, el abigeato.<\/p>\n<p> Otro tema, son las constantes sequ\u00edas que afectan al agro y la ganader\u00eda,  por lo tanto, vamos a generar alternativas para la captaci\u00f3n del agua en los campos, hoy solamente se les ocurre hacer canales cuando est\u00e1n con el agua al cuello y deber\u00edan aprovechar para captar y cosechar en \u00e9pocas de sequ\u00eda. Por eso, vamos a dise\u00f1ar un sistema sobre la captaci\u00f3n de agua, cuando hay exceso y a utilizar reservorios alternativos.<\/p>\n<p>Observamos a la gente que no quiere bajar los brazos, no se resignan y quieren generar trabajo; ah\u00ed estaremos nosotros, con reglas claras apoyando a los sectores que producen\u201d. Acompa\u00f1aron a Leandro Zdero, la diputada provincial, Zulma Galeano, Marcelo Stacchiotti, Hern\u00e1n Halavacs y los candidatos a Concejales, Clarisa Vallejos (Pte. Concejo) Guido Swagemakers, Florencia Martinez y Osvaldo Gallard de Gral. San Mart\u00edn.<\/p><\/div>\n","protected":false},"excerpt":{"rendered":"<p>Leandro Zdero, candidato a Gobernador de Juntos por el Cambio, estuvo reunido en la Sociedad Rural, en Gral. San Mart\u00edn con diversos sectores productivos, ganaderos y comercial para escuchar las demandas y exponer sus propuestas, de cara a las elecciones generales del pr\u00f3ximo 17 de septiembre. \u201cVenimos, como en cada localidad, a brindar certidumbre a [&hellip;]<\/p>\n","protected":false},"author":1,"featured_media":26770,"comment_status":"closed","ping_status":"closed","sticky":false,"template":"","format":"standard","meta":{"footnotes":""},"categories":[6],"tags":[],"class_list":{"0":"post-26769","1":"post","2":"type-post","3":"status-publish","4":"format-standard","5":"has-post-thumbnail","7":"category-chaco"},"_links":{"self":[{"href":"https:\/\/chacosintesis.com.ar\/index.php\/wp-json\/wp\/v2\/posts\/26769","targetHints":{"allow":["GET"]}}],"collection":[{"href":"https:\/\/chacosintesis.com.ar\/index.php\/wp-json\/wp\/v2\/posts"}],"about":[{"href":"https:\/\/chacosintesis.com.ar\/index.php\/wp-json\/wp\/v2\/types\/post"}],"author":[{"embeddable":true,"href":"https:\/\/chacosintesis.com.ar\/index.php\/wp-json\/wp\/v2\/users\/1"}],"replies":[{"embeddable":true,"href":"https:\/\/chacosintesis.com.ar\/index.php\/wp-json\/wp\/v2\/comments?post=26769"}],"version-history":[{"count":0,"href":"https:\/\/chacosintesis.com.ar\/index.php\/wp-json\/wp\/v2\/posts\/26769\/revisions"}],"wp:featuredmedia":[{"embeddable":true,"href":"https:\/\/chacosintesis.com.ar\/index.php\/wp-json\/wp\/v2\/media\/26770"}],"wp:attachment":[{"href":"https:\/\/chacosintesis.com.ar\/index.php\/wp-json\/wp\/v2\/media?parent=26769"}],"wp:term":[{"taxonomy":"category","embeddable":true,"href":"https:\/\/chacosintesis.com.ar\/index.php\/wp-json\/wp\/v2\/categories?post=26769"},{"taxonomy":"post_tag","embeddable":true,"href":"https:\/\/chacosintesis.com.ar\/index.php\/wp-json\/wp\/v2\/tags?post=26769"}],"curies":[{"name":"wp","href":"https:\/\/api.w.org\/{rel}","templated":true}]}}