{"id":26767,"date":"2023-09-09T10:50:37","date_gmt":"2023-09-09T13:50:37","guid":{"rendered":"https:\/\/chacosintesis.com.ar\/?p=26767"},"modified":"2023-09-09T11:06:51","modified_gmt":"2023-09-09T14:06:51","slug":"se-inauguro-la-remodelacion-del-el-hospital-sargento-cabral-de-colonia-elisa","status":"publish","type":"post","link":"https:\/\/chacosintesis.com.ar\/index.php\/se-inauguro-la-remodelacion-del-el-hospital-sargento-cabral-de-colonia-elisa\/","title":{"rendered":"Se inaugur\u00f3 la remodelaci\u00f3n del El Hospital &#8220;Sargento Cabral&#8221; de Colonia Elisa"},"content":{"rendered":"<div class=\"postie-post\">La obra demand\u00f3 una inversi\u00f3n cercana a los $220 millones y brindar\u00e1 atenci\u00f3n sanitaria de calidad a la comunidad local y parajes cercanos. &#8220;Durante la gesti\u00f3n hemos intervenido en 52 de los 58 hospitales en t\u00e9rminos de construcci\u00f3n, ampliaci\u00f3n o remodelaci\u00f3n integral y 250 centros de salud&#8221;, remarc\u00f3.<\/p>\n<p>El gobernador Jorge Capitanich inaugur\u00f3 este viernes las remodelaciones del Hospital \u201cSargento Cabral\u201d de la localidad de Colonia Elisa, en una obra que demand\u00f3 una inversi\u00f3n de $219.987.429 y fue financiada por Fonplata. \u201cEsto forma parte de un compromiso con la comunidad para la atenci\u00f3n primaria de la salud y as\u00ed seguir mejorando el sistema sanitario de la provincia, dentro de un plan de inversi\u00f3n en infraestructura sin precedentes\u201d, remarc\u00f3 el mandatario.<br \/>\nEl trabajo consisti\u00f3 en una intervenci\u00f3n integral en dos grandes etapas, siendo la primera la recuperaci\u00f3n estructural del edificio existente. De esta manera, se realizaron cambios en revoques, revestimientos, cielorrasos y dem\u00e1s partes que pudiesen estar en mal estado. A su vez, la segunda etapa fue la ampliaci\u00f3n del predio, donde se realizaron trabajos de instalaci\u00f3n el\u00e9ctrica, sanitarios y otras comodidades a fin de garantizar un mejor espacio de trabajo para los profesionales.<br \/>\nEntre otros servicios, el nosocomio dispondr\u00e1 de 26 camas de internaci\u00f3n, centro de diagn\u00f3stico y laboratorio. \u201cEs una gran obra para esta localidad, y que me genera una enorme satisfacci\u00f3n personal, porque conoc\u00eda este hospital\u201d, destac\u00f3 el jefe del Ejecutivo, quien tambi\u00e9n pidi\u00f3 la participaci\u00f3n de la ciudadan\u00eda para \u201cfiscalizar y controlar que todo lo que se usa sea en beneficio de los pacientes y el pueblo\u201d.<br \/>\nLos trabajos se realizaron con el objetivo de brindar al hospital de la localidad instalaciones \u00f3ptimas para la atenci\u00f3n de las distintas patolog\u00edas que se pudiesen presentar, recordando que representa un importante foco de atenci\u00f3n no solo para los locales, sino tambi\u00e9n para habitantes de parajes cercanos.<br \/>\nEstas intervenciones en infraestructura comunitaria significan una mejora integral dentro del sistema p\u00fablico de la provincia, en este caso de salud, permitiendo el desarrollo de una mejor calidad de vida. Adem\u00e1s, la obra se desarroll\u00f3 enteramente con mano de obra local debidamente capacitada, por lo cual, se logr\u00f3 tambi\u00e9n una mejora en la calidad de vida de los trabajadores implicados en la construcci\u00f3n.<br \/>\n\u201cDurante la gesti\u00f3n hemos intervenido en 52 de los 58 hospitales en t\u00e9rminos de construcci\u00f3n, ampliaci\u00f3n o remodelaci\u00f3n integral y 250 centros de salud, con lo cual estamos fortaleciendo la capacidad instalada del sistema de atenci\u00f3n para garantizar no solamente la atenci\u00f3n primaria de la salud, sino tambi\u00e9n los recursos humanos y el sistema de participaci\u00f3n ciudadana\u201d, subray\u00f3 el gobernador.<br \/>\nPor \u00faltimo, Capitanich record\u00f3 las obras que se realizaron en Colonia Elisa durante la presente gesti\u00f3n, y remarc\u00f3 que \u201cesta localidad tiene todos los servicios y cumple con todos los par\u00e1metros de inclusi\u00f3n y desarrollo social, en sus zonas rurales y urbanas. Y esto tiene que ver con un trabajo coordinado entre todas las esferas del Gobierno\u201d.<br \/>\nPor su parte, la ministra de Salud P\u00fablica, Carolina Centeno, hizo hincapi\u00e9 en el mejoramiento de la capacidad de atenci\u00f3n en los distintos centros de salud. \u201cEsto no solamente cambia el trabajo que hacemos los equipos sanitarios dentro de estas instituciones, sino tambi\u00e9n la vida de la gente. Y el punto de partida tiene que ver con transformar hospitales que hace 50 a\u00f1os que existen en la provincia\u201d, remarc\u00f3.<br \/>\nA su vez, el intendente de Colonia Elisa, Pedro Maidana, agradeci\u00f3 la presencia de las autoridades provinciales y destac\u00f3 que \u201cel gobernador Capitanich siempre tuvo una mirada muy especial para con este hospital, ya que se hab\u00edan realizado intervenciones en ambas gestiones anteriores suyas, y ahora poder obtener esta obra inmensa es realmente una gran satisfacci\u00f3n\u201d.<br \/>\nFinalmente, el director del hospital, Roberto Nediani, manifest\u00f3 que \u201cestamos muy emocionados, en nombre de las m\u00e1s de 60 personas que trabajan en este lugar. Esto fue un sue\u00f1o, que en un momento pas\u00f3 a ser un deseo, y hoy finalmente es una realidad, gracias a los actores que est\u00e1n encargados de fortalecer el sistema de salud y garantizar el pleno ejercicio de los profesionales\u201d.<\/p><\/div>\n","protected":false},"excerpt":{"rendered":"<p>La obra demand\u00f3 una inversi\u00f3n cercana a los $220 millones y brindar\u00e1 atenci\u00f3n sanitaria de calidad a la comunidad local y parajes cercanos. &#8220;Durante la gesti\u00f3n hemos intervenido en 52 de los 58 hospitales en t\u00e9rminos de construcci\u00f3n, ampliaci\u00f3n o remodelaci\u00f3n integral y 250 centros de salud&#8221;, remarc\u00f3. El gobernador Jorge Capitanich inaugur\u00f3 este viernes [&hellip;]<\/p>\n","protected":false},"author":1,"featured_media":26768,"comment_status":"closed","ping_status":"closed","sticky":false,"template":"","format":"standard","meta":{"footnotes":""},"categories":[6],"tags":[],"class_list":{"0":"post-26767","1":"post","2":"type-post","3":"status-publish","4":"format-standard","5":"has-post-thumbnail","7":"category-chaco"},"_links":{"self":[{"href":"https:\/\/chacosintesis.com.ar\/index.php\/wp-json\/wp\/v2\/posts\/26767","targetHints":{"allow":["GET"]}}],"collection":[{"href":"https:\/\/chacosintesis.com.ar\/index.php\/wp-json\/wp\/v2\/posts"}],"about":[{"href":"https:\/\/chacosintesis.com.ar\/index.php\/wp-json\/wp\/v2\/types\/post"}],"author":[{"embeddable":true,"href":"https:\/\/chacosintesis.com.ar\/index.php\/wp-json\/wp\/v2\/users\/1"}],"replies":[{"embeddable":true,"href":"https:\/\/chacosintesis.com.ar\/index.php\/wp-json\/wp\/v2\/comments?post=26767"}],"version-history":[{"count":0,"href":"https:\/\/chacosintesis.com.ar\/index.php\/wp-json\/wp\/v2\/posts\/26767\/revisions"}],"wp:featuredmedia":[{"embeddable":true,"href":"https:\/\/chacosintesis.com.ar\/index.php\/wp-json\/wp\/v2\/media\/26768"}],"wp:attachment":[{"href":"https:\/\/chacosintesis.com.ar\/index.php\/wp-json\/wp\/v2\/media?parent=26767"}],"wp:term":[{"taxonomy":"category","embeddable":true,"href":"https:\/\/chacosintesis.com.ar\/index.php\/wp-json\/wp\/v2\/categories?post=26767"},{"taxonomy":"post_tag","embeddable":true,"href":"https:\/\/chacosintesis.com.ar\/index.php\/wp-json\/wp\/v2\/tags?post=26767"}],"curies":[{"name":"wp","href":"https:\/\/api.w.org\/{rel}","templated":true}]}}