{"id":26765,"date":"2023-09-09T10:49:47","date_gmt":"2023-09-09T13:49:47","guid":{"rendered":"https:\/\/chacosintesis.com.ar\/?p=26765"},"modified":"2023-09-09T11:06:47","modified_gmt":"2023-09-09T14:06:47","slug":"saenz-pena-inauguraron-la-remodelacion-integral-del-camping-municipal","status":"publish","type":"post","link":"https:\/\/chacosintesis.com.ar\/index.php\/saenz-pena-inauguraron-la-remodelacion-integral-del-camping-municipal\/","title":{"rendered":"S\u00e1enz Pe\u00f1a: inauguraron la remodelaci\u00f3n integral del Camping Municipal"},"content":{"rendered":"<div class=\"postie-post\">En la tarde del viernes, el intendente Bruno Cipolini  junto a autoridades y comunidad en general, realiz\u00f3 la inauguraci\u00f3n de la remodelaci\u00f3n integral del Camping Municipal \u201cEl Descanso\u201d.<br \/>\nEn la oportunidad, el intendente agradeci\u00f3 el trabajo y esfuerzo conjunto de la Secretar\u00eda de Desarrollo Local, del \u00e1rea de Discapacidad, del equipo municipal y de las instituciones participantes de la Mesa por la Inclusi\u00f3n, teniendo en cuenta que la obra inaugurada tiene un perfil inclusivo.<br \/>\nEn ese contexto, el intendente resalt\u00f3 que &#8220;se  pone a disposici\u00f3n este hermoso camping, con este perfil inclusivo para disfrute de todos los vecinos de Presidencia Roque S\u00e1enz Pe\u00f1a que quieran pasar un rato agradable con sus familias, un rato de esparcimiento, un rato de ejercicio\u201d, apunt\u00f3.<br \/>\nY continu\u00f3, \u201clo ponemos a disposici\u00f3n en este trabajo que venimos realizando hace much\u00edsimo tiempo, de construir y reconstruir la relaci\u00f3n del vecino saenzpe\u00f1ense con sus espacios al aire libre y con sus espacios p\u00fablicos\u201d.<br \/>\nPor su parte el secretario de Desarrollo Local Oscar Dudik brind\u00f3 detalles de la obra, comentando que el a\u00f1o pasado se tom\u00f3 la decisi\u00f3n de refaccionar integralmente el lugar. Hoy cuenta con acceso renovado, 1000 metros de nuevas sendas peatonales, adem\u00e1s se colocaron 160 luminarias, 300 \u00e1rboles, y se construyeron 16 parrillas con sus respectivas mesas y bancos, juegos infantiles y de salud.<br \/>\nLa obra en su totalidad se  pens\u00f3 para que sea inclusiva y de f\u00e1cil acceso para personas con discapacidad, por lo que se construyeton dos parrillas  accesibles al igual que las sendas peatonales tienen un recorrido que permite la accesibilidad en todo el predio.<br \/>\nPor su parte Cristina Merlo, directora del Servicio Educativo Terap\u00e9utico del CETT dijo: \u201cHemos sido convocados para algo que para muchos es algo tan cotidiano, pero que para nosotros es muy importante, fuimos citados nada m\u00e1s y nada menos que para ser escuchados\u201d, en relaci\u00f3n a los representantes que participaron en la Mesa de la Inclusi\u00f3n, y que vienen aportando ideas para la localidad.<br \/>\n\u201cHoy simplemente quiero decirles a todos los ciudadanos, e invitarlos a que hagamos un uso responsable de este espacio, que lo cuidemos y que valoremos\u201d, cerr\u00f3 al respecto.<br \/>\nEn esa l\u00ednea, es preciso reiterar que todo el predio tiene un perfil inclusivo para que sea accesible para las personas con alguna discapacidad. Por lo que permite al municipio continuar con el objetivo de avanzar en el \u00e1rea, y en relaci\u00f3n al acondicionamiento de distintos sectores de la ciudad.<br \/>\nEn la oportunidad estuvieron presentes el diputado nacional Gerardo Cipolini, el presidente del Concejo Pedro Egea, concejales y funcionarios municipales,  la banda municipal Fortunato Felcher y vecinos en general.<\/div>\n","protected":false},"excerpt":{"rendered":"<p>En la tarde del viernes, el intendente Bruno Cipolini junto a autoridades y comunidad en general, realiz\u00f3 la inauguraci\u00f3n de la remodelaci\u00f3n integral del Camping Municipal \u201cEl Descanso\u201d. En la oportunidad, el intendente agradeci\u00f3 el trabajo y esfuerzo conjunto de la Secretar\u00eda de Desarrollo Local, del \u00e1rea de Discapacidad, del equipo municipal y de las [&hellip;]<\/p>\n","protected":false},"author":1,"featured_media":26766,"comment_status":"closed","ping_status":"closed","sticky":false,"template":"","format":"standard","meta":{"footnotes":""},"categories":[6],"tags":[],"class_list":{"0":"post-26765","1":"post","2":"type-post","3":"status-publish","4":"format-standard","5":"has-post-thumbnail","7":"category-chaco"},"_links":{"self":[{"href":"https:\/\/chacosintesis.com.ar\/index.php\/wp-json\/wp\/v2\/posts\/26765","targetHints":{"allow":["GET"]}}],"collection":[{"href":"https:\/\/chacosintesis.com.ar\/index.php\/wp-json\/wp\/v2\/posts"}],"about":[{"href":"https:\/\/chacosintesis.com.ar\/index.php\/wp-json\/wp\/v2\/types\/post"}],"author":[{"embeddable":true,"href":"https:\/\/chacosintesis.com.ar\/index.php\/wp-json\/wp\/v2\/users\/1"}],"replies":[{"embeddable":true,"href":"https:\/\/chacosintesis.com.ar\/index.php\/wp-json\/wp\/v2\/comments?post=26765"}],"version-history":[{"count":0,"href":"https:\/\/chacosintesis.com.ar\/index.php\/wp-json\/wp\/v2\/posts\/26765\/revisions"}],"wp:featuredmedia":[{"embeddable":true,"href":"https:\/\/chacosintesis.com.ar\/index.php\/wp-json\/wp\/v2\/media\/26766"}],"wp:attachment":[{"href":"https:\/\/chacosintesis.com.ar\/index.php\/wp-json\/wp\/v2\/media?parent=26765"}],"wp:term":[{"taxonomy":"category","embeddable":true,"href":"https:\/\/chacosintesis.com.ar\/index.php\/wp-json\/wp\/v2\/categories?post=26765"},{"taxonomy":"post_tag","embeddable":true,"href":"https:\/\/chacosintesis.com.ar\/index.php\/wp-json\/wp\/v2\/tags?post=26765"}],"curies":[{"name":"wp","href":"https:\/\/api.w.org\/{rel}","templated":true}]}}