{"id":26758,"date":"2023-09-08T21:34:31","date_gmt":"2023-09-09T00:34:31","guid":{"rendered":"https:\/\/chacosintesis.com.ar\/?p=26758"},"modified":"2023-09-08T21:37:22","modified_gmt":"2023-09-09T00:37:22","slug":"inauguraciones-de-obras-y-entrega-de-beneficios-a-cooperadoras-escolares-para-que-castelli-siga-progresando","status":"publish","type":"post","link":"https:\/\/chacosintesis.com.ar\/index.php\/inauguraciones-de-obras-y-entrega-de-beneficios-a-cooperadoras-escolares-para-que-castelli-siga-progresando\/","title":{"rendered":"Inauguraciones de obras y entrega de beneficios a cooperadoras escolares para que Castelli siga progresando"},"content":{"rendered":"<div class=\"postie-post\">El mercado acercar\u00e1 la oferta de 30 productores de la agricultura familiar local a los consumidores promoviendo el consumo de alimentos naturales y el desarrollo productivo. En la EET N\u00ba12 inaugur\u00f3 dos nuevas aulas taller. Los beneficios otorgados a las cooperadoras se enmarcan en un aporte extraordinario de $50.000.<br \/>\nEl gobernador Jorge Capitanich inaugur\u00f3 este viernes el Mercado Popular de Alimentos y la ampliaci\u00f3n y refacci\u00f3n de la Escuela de Educaci\u00f3n T\u00e9cnica N\u00b012 \u201cMar\u00eda Rosa Almandoz\u201d de la localidad. Adem\u00e1s, entreg\u00f3 tarjetas Tuya a cooperadoras escolares de la Regional Educativa N\u00b02, en concepto de aporte extraordinario de $50.000, aprobado por Decreto N\u00b02130\/2023 del Ejecutivo Provincial.<br \/>\n\u201cEste mercado popular es parte de un programa de 15 mercados y una central agroalimentaria, permitiendo que los productores puedan ofrecer productos saludables y los consumidores puedan acceder a ellos a muy buen precio\u201d, ratific\u00f3 Capitanich, acompa\u00f1ado por la vicegobernadora, Anal\u00eda Rach Quiroga, y el intendente local, P\u00edo Sander.<br \/>\nA partir de una inversi\u00f3n de $134.969.654, financiada a trav\u00e9s del Ministerio de Planificaci\u00f3n, Econom\u00eda e Infraestructura, el mercado se constituye en un espacio apropiado para la comercializaci\u00f3n de alimentos, y productos artesanales, promoviendo el mercado interno. En ese contexto, el gobernador apunt\u00f3 a \u201cconstruir una agenda productiva, con el objetivo de generar las condiciones para que Castelli, no solamente sea la Puerta de El Impenetrable chaque\u00f1o, sino la base para el desarrollo econ\u00f3mico, productivo y social del Departamento G\u00fcemes\u201d.<br \/>\nEl espacio fue construido por mano de obra local debidamente capacitada, generando fuentes de trabajo genuinas que impactaron de manera positiva en la comunidad.<br \/>\nEl intendente Sander, quien estuvo acompa\u00f1ado por la presidenta del Concejo Municipal, Soledad Rach, consider\u00f3 que este mercado es \u201cel broche de oro, por todo el sacrificio y  esfuerzo de muchos peque\u00f1os productores que empezaron a diversificar su producci\u00f3n, mejorar los ingresos de la econom\u00eda familiar y de la agricultura familiar. Hoy, gracias al Gobierno Provincial, tenemos un espacio muy lindo\u201d, expres\u00f3.<\/p>\n<p>Mejorar la capacitaci\u00f3n t\u00e9cnica y promover la inserci\u00f3n laboral<br \/>\nJunto al ministro de Educaci\u00f3n, Aldo Lineras, el intendente local y el director Hugo Orlando Haiss, Capitanich inaugur\u00f3 dos aulas taller con mobiliario de la Escuela de Educaci\u00f3n T\u00e9cnica N\u00b02, que representaron una inversi\u00f3n total de $54.710.459, financiados por el Instituto Nacional de Educaci\u00f3n Tecnol\u00f3gica (INET), por el Ministerio de Planificaci\u00f3n Econom\u00eda e Infraestructura (MPEI); y el Ministerio de Educaci\u00f3n de la provincia.<br \/>\n\u201cEstamos perfeccionando la vinculaci\u00f3n entre educaci\u00f3n y trabajo, podemos mejorar la capacitaci\u00f3n t\u00e9cnica de los alumnos y su inserci\u00f3n laboral\u201d, dijo el mandatario, considerando que estas obras mejoran \u201csustancialmente\u201d los niveles de capacitaci\u00f3n, previendo un crecimiento de la matr\u00edcula de estudiantes y remarcando que, a lo largo de sus mandatos constitucionales, desde 2008, se duplic\u00f3 el n\u00famero de oferta educativa t\u00e9cnica pasando de 20 tambi\u00e9n a 42 instituciones de esta naturaleza.<br \/>\nPor un lado, a trav\u00e9s de INET se construy\u00f3 un aula laboratorio de procesos de inform\u00e1tica, rob\u00f3tica e impresi\u00f3n 3D, de 10&#215;15 metros y con instalaci\u00f3n completa. En tanto que a partir del MPEI se construy\u00f3 otra aula taller de las mismas dimensiones. Ambos espacios fueron equipados con el mobiliario adecuado (8 mesas de trabajo met\u00e1licas, 48 sillas apilables met\u00e1licas y 2 armarios met\u00e1licos de 2 puertas).<br \/>\nAl respecto, el director de la Instituci\u00f3n, Hugo Haiss explic\u00f3 que estas dos aulas nuevas podr\u00e1n albergar entre 60 y 70 alumnos y alumnas sentados, celebrando los nuevos espacios explicando que \u201cpor el amplio crecimiento de la matr\u00edcula, la escuela comenz\u00f3 a quedarnos chica, por eso, estamos muy contentos con estas aulas que son muy c\u00f3modas, completas y de muy buena calidad\u201d.  \u201cEs la \u00fanica escuela que tenemos de Nivel Medio en la localidad, p\u00fablica y gratuita, con una matr\u00edcula de 487\u201d, aclar\u00f3.<\/p>\n<p>Aporte extraordinario a cooperadoras educativas<br \/>\nEn la EET, el Gobernador tambi\u00e9n entreg\u00f3 54 tarjetas Tuya a Cooperadoras Escolares de la Regional Educativa 2, en concepto del Aporte Extraordinario aprobado por Decreto N\u00b0 2130\/2023 del Poder Ejecutivo Provincial, un fondo de asistencia que, teniendo en cuenta todas las cooperadoras que lo recibir\u00e1n, es una inversi\u00f3n total de $25.300.000.<br \/>\n\u201cEn la provincia son 902 cooperadoras, 506 que reciben este sistema de asistencia por 50.000 pesos\u201d, aclar\u00f3 Capitanich, destacando que se trata de \u201cuna muy buena estrategia de asignaci\u00f3n autom\u00e1tica de recursos\u201d. \u201cEs un sistema de prueba que permite verificar el proceso de funcionamiento, porque muchas veces el \u00f3rgano de control externo, que es el Tribunal de Cuentas, plantea objeciones desde el punto de vista de los mecanismos de rendici\u00f3n\u201d, puntualiz\u00f3.<\/p><\/div>\n","protected":false},"excerpt":{"rendered":"<p>El mercado acercar\u00e1 la oferta de 30 productores de la agricultura familiar local a los consumidores promoviendo el consumo de alimentos naturales y el desarrollo productivo. En la EET N\u00ba12 inaugur\u00f3 dos nuevas aulas taller. Los beneficios otorgados a las cooperadoras se enmarcan en un aporte extraordinario de $50.000. El gobernador Jorge Capitanich inaugur\u00f3 este [&hellip;]<\/p>\n","protected":false},"author":1,"featured_media":26759,"comment_status":"closed","ping_status":"closed","sticky":false,"template":"","format":"standard","meta":{"footnotes":""},"categories":[6],"tags":[],"class_list":{"0":"post-26758","1":"post","2":"type-post","3":"status-publish","4":"format-standard","5":"has-post-thumbnail","7":"category-chaco"},"_links":{"self":[{"href":"https:\/\/chacosintesis.com.ar\/index.php\/wp-json\/wp\/v2\/posts\/26758","targetHints":{"allow":["GET"]}}],"collection":[{"href":"https:\/\/chacosintesis.com.ar\/index.php\/wp-json\/wp\/v2\/posts"}],"about":[{"href":"https:\/\/chacosintesis.com.ar\/index.php\/wp-json\/wp\/v2\/types\/post"}],"author":[{"embeddable":true,"href":"https:\/\/chacosintesis.com.ar\/index.php\/wp-json\/wp\/v2\/users\/1"}],"replies":[{"embeddable":true,"href":"https:\/\/chacosintesis.com.ar\/index.php\/wp-json\/wp\/v2\/comments?post=26758"}],"version-history":[{"count":0,"href":"https:\/\/chacosintesis.com.ar\/index.php\/wp-json\/wp\/v2\/posts\/26758\/revisions"}],"wp:featuredmedia":[{"embeddable":true,"href":"https:\/\/chacosintesis.com.ar\/index.php\/wp-json\/wp\/v2\/media\/26759"}],"wp:attachment":[{"href":"https:\/\/chacosintesis.com.ar\/index.php\/wp-json\/wp\/v2\/media?parent=26758"}],"wp:term":[{"taxonomy":"category","embeddable":true,"href":"https:\/\/chacosintesis.com.ar\/index.php\/wp-json\/wp\/v2\/categories?post=26758"},{"taxonomy":"post_tag","embeddable":true,"href":"https:\/\/chacosintesis.com.ar\/index.php\/wp-json\/wp\/v2\/tags?post=26758"}],"curies":[{"name":"wp","href":"https:\/\/api.w.org\/{rel}","templated":true}]}}