{"id":26748,"date":"2023-09-08T20:18:53","date_gmt":"2023-09-08T23:18:53","guid":{"rendered":"https:\/\/chacosintesis.com.ar\/?p=26748"},"modified":"2023-09-08T20:36:41","modified_gmt":"2023-09-08T23:36:41","slug":"municipios-chaquenos-se-capacitan-en-big-data-para-mejorar-los-servicios-publicos","status":"publish","type":"post","link":"https:\/\/chacosintesis.com.ar\/index.php\/municipios-chaquenos-se-capacitan-en-big-data-para-mejorar-los-servicios-publicos\/","title":{"rendered":"Municipios chaque\u00f1os se capacitan en \u201cBig Data\u201d para mejorar los servicios p\u00fablicos"},"content":{"rendered":"<div class=\"postie-post\">La actividad est\u00e1 a cargo de la Universidad Nacional del Chaco Austral y est\u00e1 destinada a los trabajadores con funciones ejecutivas o mandos medios de las administraciones p\u00fablicas municipales.<br \/>\nEn el marco del Plan Federal de Formaci\u00f3n y Capacitaci\u00f3n en Gesti\u00f3n P\u00fablica, el pasado mi\u00e9rcoles comenz\u00f3 la capacitaci\u00f3n en \u201cBig Data\u201d para la mejora de los servicios p\u00fablicos\u201d, destinada a municipios de la provincia de Chaco.<br \/>\nParticip\u00f3 de la apertura el rector de la Universidad Nacional del Chaco Austral, Germ\u00e1n Oestmann, junto a los equipos de la universidad; el vocal de Investigaci\u00f3n del IPAP, Facundo Kalin, y el intendente de la localidad de Margarita Bel\u00e9n, Javier Mart\u00ednez, quien habl\u00f3 en representaci\u00f3n de las autoridades municipales. De parte de Naci\u00f3n, particip\u00f3 el director Nacional de Articulaci\u00f3n Federal de la Jefatura de Gabinete de Ministros, Dami\u00e1n Ledesma, y la directora de Capacitaci\u00f3n Federal y Difusi\u00f3n Virtual del INAP, Valeria Chorny.<br \/>\nEn las presentaciones se destac\u00f3 la relevancia de concretar estas actividades que implican una articulaci\u00f3n entre m\u00faltiples actores, para poner la formaci\u00f3n y la capacitaci\u00f3n al servicio de los trabajadores de los gobiernos locales de la provincia. Asimismo, se\u00f1alaron que la provisi\u00f3n de herramientas formativas apunta a garantizar una mejor gesti\u00f3n local y, en consecuencia, a fortalecer las capacidades y a brindar una mejor atenci\u00f3n a la ciudadan\u00eda. Desde el INAP se subray\u00f3 la importancia de brindar este tipo de formaci\u00f3n a los municipios como parte de la estrategia del Plan Federal 2023.<br \/>\nCon la participaron de cerca de 40 representantes de los gobiernos locales, el objetivo de esta asistencia t\u00e9cnica, a cargo del referente de modernizaci\u00f3n de la UNCAUS, ingeniero Juan M. N\u00fa\u00f1ez, es introducir el concepto de big data aplicado a los servicios p\u00fablicos, analizando las potencialidades y posibilidades que ofrece para la mejora de la administraci\u00f3n de los servicios por parte de los municipios. Se abordar\u00e1n, entre otros temas, \u00bfqu\u00e9 es una Smart City?; urbanismo y Big data; ciudades, planificaci\u00f3n urbana y nuevas tecnolog\u00edas.<br \/>\nEsta actividad, que tendr\u00e1 continuidad con la capacitaci\u00f3n \u201cinnovaci\u00f3n p\u00fablica con perspectiva municipal\u201d, forma parte tambi\u00e9n del Programa de Fortalecimiento de las Capacidades de los Estados Locales que lleva adelante la provincia de Chaco.<br \/>\nLas asistencias t\u00e9cnicas son dispositivos de formaci\u00f3n de alta especializaci\u00f3n de contenidos y p\u00fablicos destinatarios, que surgen como resultado de un diagn\u00f3stico al que se arriba de manera conjunta entre todas las partes interesadas y cuyo dise\u00f1o curricular apunta a un resultado concreto con impacto en la gesti\u00f3n.<br \/>\nCon estas instancias de formaci\u00f3n, una nueva edici\u00f3n del Plan Federal contin\u00faa capacitando a agentes de las diversas jurisdicciones del territorio nacional para mejorar las capacidades estatales. En lo que va del a\u00f1o, se iniciaron seis asistencias t\u00e9cnicas con las provincias de Catamarca, Chaco, La Rioja, Santa Fe y San Juan.<br \/>\nM\u00e1s informaci\u00f3n sobre el Plan Federal de Capacitaci\u00f3n en Gesti\u00f3n P\u00fablica<br \/>\nLa mayor complejidad y especializaci\u00f3n de la vida social contempor\u00e1nea plantea demandas nuevas al Estado en las respuestas que este debe garantizar. Estas demandas refieren, por un lado, al proceso de consolidaci\u00f3n de las instituciones democr\u00e1ticas que implica asegurar las v\u00edas de participaci\u00f3n de la ciudadan\u00eda y los mecanismos de transparencia y rendici\u00f3n de cuentas. Por otro lado, esas demandas expresan las diversas agendas desplegadas en torno al reconocimiento y la efectivizaci\u00f3n de los derechos pol\u00edticos, sociales, econ\u00f3micos, culturales y ambientales de colectivos diversos que comparten la condici\u00f3n de ciudadan\u00eda. En particular cabe atender la centralidad de la agenda de g\u00e9nero como un eje ordenador en la vida p\u00fablica y privada.<br \/>\nLa pluralidad y actualizaci\u00f3n de las necesidades y demandas de la sociedad interpelan al estado y a sus instituciones y agentes, para que renueven sus acciones y sus respuestas al servicio de la sociedad y en la atenci\u00f3n a la ciudadan\u00eda procurando contemplar estas transformaciones.<br \/>\nEn este marco, el Instituto Nacional de la Administraci\u00f3n P\u00fablica (INAP) &#8211; Secretar\u00eda de Gesti\u00f3n y Empleo P\u00fablico (SGyEP) en articulaci\u00f3n con el Consejo Federal de la Funci\u00f3n P\u00fablica (COFEFUP), desarrollan el Plan Federal de Formaci\u00f3n y Capacitaci\u00f3n en Gesti\u00f3n P\u00fablica, dirigido a las\/los agentes estatales provinciales, municipales y de la Ciudad Aut\u00f3noma de Buenos Aires (CABA) de la Rep\u00fablica Argentina.<br \/>\nEstos agentes son los art\u00edfices de la puesta en marcha de las pol\u00edticas p\u00fablicas y son participantes de su co-construcci\u00f3n a trav\u00e9s de la atenci\u00f3n a la ciudadan\u00eda y la ejecuci\u00f3n de las pol\u00edticas, programas y proyectos en las diversas jurisdicciones a lo largo de todo el territorio argentino. La meta principal del Plan Federal es propiciar que cuenten con las herramientas y capacidades necesarias para el desarrollo id\u00f3neo de sus tareas y el correcto desenvolvimiento de sus funciones, reconociendo la especificidad de las atribuciones de la gesti\u00f3n p\u00fablica nacional y las que competen a las administraciones de nivel local \u2013provincias, Ciudad de Buenos Aires y municipios- en su amplia diversidad institucional- territorial.<\/div>\n","protected":false},"excerpt":{"rendered":"<p>La actividad est\u00e1 a cargo de la Universidad Nacional del Chaco Austral y est\u00e1 destinada a los trabajadores con funciones ejecutivas o mandos medios de las administraciones p\u00fablicas municipales. En el marco del Plan Federal de Formaci\u00f3n y Capacitaci\u00f3n en Gesti\u00f3n P\u00fablica, el pasado mi\u00e9rcoles comenz\u00f3 la capacitaci\u00f3n en \u201cBig Data\u201d para la mejora de [&hellip;]<\/p>\n","protected":false},"author":1,"featured_media":26749,"comment_status":"closed","ping_status":"closed","sticky":false,"template":"","format":"standard","meta":{"footnotes":""},"categories":[6],"tags":[],"class_list":{"0":"post-26748","1":"post","2":"type-post","3":"status-publish","4":"format-standard","5":"has-post-thumbnail","7":"category-chaco"},"_links":{"self":[{"href":"https:\/\/chacosintesis.com.ar\/index.php\/wp-json\/wp\/v2\/posts\/26748","targetHints":{"allow":["GET"]}}],"collection":[{"href":"https:\/\/chacosintesis.com.ar\/index.php\/wp-json\/wp\/v2\/posts"}],"about":[{"href":"https:\/\/chacosintesis.com.ar\/index.php\/wp-json\/wp\/v2\/types\/post"}],"author":[{"embeddable":true,"href":"https:\/\/chacosintesis.com.ar\/index.php\/wp-json\/wp\/v2\/users\/1"}],"replies":[{"embeddable":true,"href":"https:\/\/chacosintesis.com.ar\/index.php\/wp-json\/wp\/v2\/comments?post=26748"}],"version-history":[{"count":0,"href":"https:\/\/chacosintesis.com.ar\/index.php\/wp-json\/wp\/v2\/posts\/26748\/revisions"}],"wp:featuredmedia":[{"embeddable":true,"href":"https:\/\/chacosintesis.com.ar\/index.php\/wp-json\/wp\/v2\/media\/26749"}],"wp:attachment":[{"href":"https:\/\/chacosintesis.com.ar\/index.php\/wp-json\/wp\/v2\/media?parent=26748"}],"wp:term":[{"taxonomy":"category","embeddable":true,"href":"https:\/\/chacosintesis.com.ar\/index.php\/wp-json\/wp\/v2\/categories?post=26748"},{"taxonomy":"post_tag","embeddable":true,"href":"https:\/\/chacosintesis.com.ar\/index.php\/wp-json\/wp\/v2\/tags?post=26748"}],"curies":[{"name":"wp","href":"https:\/\/api.w.org\/{rel}","templated":true}]}}