{"id":26744,"date":"2023-09-08T19:43:06","date_gmt":"2023-09-08T22:43:06","guid":{"rendered":"https:\/\/chacosintesis.com.ar\/?p=26744"},"modified":"2023-09-08T20:08:19","modified_gmt":"2023-09-08T23:08:19","slug":"intensa-agenda-de-capitanich-inaugurara-obras-en-seis-localidades-del-sudoeste-y-en-el-area-metropolitana-del-gran-resistencia","status":"publish","type":"post","link":"https:\/\/chacosintesis.com.ar\/index.php\/intensa-agenda-de-capitanich-inaugurara-obras-en-seis-localidades-del-sudoeste-y-en-el-area-metropolitana-del-gran-resistencia\/","title":{"rendered":"Intensa agenda de Capitanich: inaugurar\u00e1 obras en seis localidades del sudoeste y en el \u00c1rea Metropolitana del Gran Resistencia"},"content":{"rendered":"<div class=\"postie-post\">Gancedo, Hermoso Campo, General Pinedo, Charata, Las Bre\u00f1as y Villa \u00c1ngela contar\u00e1n con m\u00e1s infraestructura social b\u00e1sica ejecutada por el gobierno provincial a trav\u00e9s de diversos mecanismos de financiamiento. En el Gran Resistencia, el mandatario habilitar\u00e1 un frigor\u00edfico, m\u00e1s cuadras de pavimento urbano, la Terminal de \u00d3mnibus de Barranqueras y m\u00faltiples obras en el Centro Deportivo Son Bosco.<br \/>\nEste s\u00e1bado 9, jornada previa al inicio de la veda electoral que proh\u00edbe la publicidad de los actos de gobierno, el gobernador Jorge Capitanich desarrollar\u00e1 una intensa agenda de inauguraciones y recorridas por diversos puntos de la provincia del Chaco. La presencia del mandatario provincial \u2013que el 17 de septiembre buscar\u00e1 una cuarta gesti\u00f3n a nivel provincial- iniciar\u00e1 por la ma\u00f1ana y hasta la siesta en el sudoeste provincial; para continuar por la tarde y noche en el \u00c1rea Metropolitana del Gran Resistencia.<br \/>\nAs\u00ed, el gobernador chaque\u00f1o \u2013junto a funcionarios de su gabinete provincial- comenzar\u00e1 a desandar el programa de ma\u00f1ana en Gancedo. Desde las 7,45, inaugurar\u00e1 obras y refacciones integrales en la Comisar\u00eda, en el Centro de Veteranos de Guerra y en el hospital local. Luego, desde las 9, estar\u00e1 en Hermoso Campo, oportunidad en la que recorrer\u00e1 la planta industrial de La Hermose\u00f1a y habilitar\u00e1 los trabajos ejecutar0os en el hospital local y en una Escuela. A su vez, el mandatario provincial entregar\u00e1 otros 130 t\u00edtulos de propiedad urbana.<br \/>\nA las 10, llegar\u00e1 a General Pinedo para inaugurar m\u00e1s cuadras de pavimento urbano; mientras que una hora m\u00e1s tarde estar\u00e1 en Charata. En la Perla del Oeste, recorrer\u00e1 el inicio de obra de una Hilander\u00eda, pondr\u00e1 en funcionamiento el nuevo transformador instalado por Secheep e inaugurar\u00e1 las obras en una iglesia, m\u00e1s pavimento urbano para beneficios de los vecinos y el nuevo cuartel de bomberos voluntarios.<br \/>\nAl mediod\u00eda, el titular del Ejecutivo provincial estar\u00e1 en Las Bre\u00f1as, donde tambi\u00e9n pondr\u00e1 en funcionamiento un transformador e inaugurar\u00e1 las obras realizadas en el hospital 9 de Julio. El periplo por el sudoeste chaque\u00f1o concluir\u00e1 en Villa \u00c1ngela, habilitar\u00e1 m\u00e1s cuadras de pavimento urbano, la red de Agua Potable y entregar\u00e1 50 T\u00edtulos de Propiedad, correspondientes a los Barrios: 120 Viviendas, 183 Viviendas, 236 Viviendas, 340 Viviendas, 73 Viviendas C\u00e1mara de Comercio, 32 Viviendas Plan Federal y 88 Viviendas. Algunos de sus titulares reciben el t\u00edtulo de su propiedad luego de 35 a\u00f1os.<br \/>\nEn el AMGR<br \/>\nPor la tarde, la agenda se trasladar\u00e1 al \u00c1rea Metropolitana del Gran Resistencia. Desde las 16,30, inaugurar\u00e1 el frigor\u00edfico ubicado sobre ruta nacional 16 (Kil\u00f3metro 21) y una hora m\u00e1s tarde la habilitaci\u00f3n parcial de 12 cuadras de pavimento urbano en Villa del Oeste (Resistencia). Luego, har\u00e1 lo propio habilitando m\u00e1s y mejor conectividad con pavimento urbano en la Chacra 128 y en los barrios Valussi y Eva Per\u00f3n.<br \/>\nA las 19, inaugurar\u00e1 la nueva Terminal de \u00d3mnibus de Barranqueras y cerrar\u00e1 la jornada desde las 20,30 en el Centro Deportivo Don Bosco. En el complejo deportivo de avenidas Laprida e Italia, Capitanich inaugurar\u00e1 una multiplicidad de obras y entregar\u00e1 elementos a trav\u00e9s de la Fundaci\u00f3n Chaco Solidario.<\/div>\n","protected":false},"excerpt":{"rendered":"<p>Gancedo, Hermoso Campo, General Pinedo, Charata, Las Bre\u00f1as y Villa \u00c1ngela contar\u00e1n con m\u00e1s infraestructura social b\u00e1sica ejecutada por el gobierno provincial a trav\u00e9s de diversos mecanismos de financiamiento. En el Gran Resistencia, el mandatario habilitar\u00e1 un frigor\u00edfico, m\u00e1s cuadras de pavimento urbano, la Terminal de \u00d3mnibus de Barranqueras y m\u00faltiples obras en el Centro [&hellip;]<\/p>\n","protected":false},"author":1,"featured_media":26745,"comment_status":"closed","ping_status":"closed","sticky":false,"template":"","format":"standard","meta":{"footnotes":""},"categories":[6],"tags":[],"class_list":{"0":"post-26744","1":"post","2":"type-post","3":"status-publish","4":"format-standard","5":"has-post-thumbnail","7":"category-chaco"},"_links":{"self":[{"href":"https:\/\/chacosintesis.com.ar\/index.php\/wp-json\/wp\/v2\/posts\/26744","targetHints":{"allow":["GET"]}}],"collection":[{"href":"https:\/\/chacosintesis.com.ar\/index.php\/wp-json\/wp\/v2\/posts"}],"about":[{"href":"https:\/\/chacosintesis.com.ar\/index.php\/wp-json\/wp\/v2\/types\/post"}],"author":[{"embeddable":true,"href":"https:\/\/chacosintesis.com.ar\/index.php\/wp-json\/wp\/v2\/users\/1"}],"replies":[{"embeddable":true,"href":"https:\/\/chacosintesis.com.ar\/index.php\/wp-json\/wp\/v2\/comments?post=26744"}],"version-history":[{"count":0,"href":"https:\/\/chacosintesis.com.ar\/index.php\/wp-json\/wp\/v2\/posts\/26744\/revisions"}],"wp:featuredmedia":[{"embeddable":true,"href":"https:\/\/chacosintesis.com.ar\/index.php\/wp-json\/wp\/v2\/media\/26745"}],"wp:attachment":[{"href":"https:\/\/chacosintesis.com.ar\/index.php\/wp-json\/wp\/v2\/media?parent=26744"}],"wp:term":[{"taxonomy":"category","embeddable":true,"href":"https:\/\/chacosintesis.com.ar\/index.php\/wp-json\/wp\/v2\/categories?post=26744"},{"taxonomy":"post_tag","embeddable":true,"href":"https:\/\/chacosintesis.com.ar\/index.php\/wp-json\/wp\/v2\/tags?post=26744"}],"curies":[{"name":"wp","href":"https:\/\/api.w.org\/{rel}","templated":true}]}}