{"id":26742,"date":"2023-09-08T19:39:43","date_gmt":"2023-09-08T22:39:43","guid":{"rendered":"https:\/\/chacosintesis.com.ar\/?p=26742"},"modified":"2023-09-08T20:08:15","modified_gmt":"2023-09-08T23:08:15","slug":"se-viene-un-fin-de-semana-fresco-y-con-tiempo-inestable-en-la-region","status":"publish","type":"post","link":"https:\/\/chacosintesis.com.ar\/index.php\/se-viene-un-fin-de-semana-fresco-y-con-tiempo-inestable-en-la-region\/","title":{"rendered":"Se viene un fin de semana fresco y con tiempo inestable en la regi\u00f3n"},"content":{"rendered":"<div class=\"postie-post\">Seg\u00fan el Servicio Meteorol\u00f3gico Nacional, hay probabilidades de lluvias y tormentas hasta la noche de este viernes. La condiciones mejorar\u00e1n hacia el domingo, con la temperatura oscilando entre los 13\u00b0 y los 26\u00b0.<br \/>\nCon los departamentos Bermejo, General Donovan, Libertad, Primero de Mayo y San Fernando a\u00fan en alerta amarilla por tormentas fuertes; el Servicio Meteorol\u00f3gico Nacional prev\u00e9 un fin de semana fresco y con condiciones del tiempo inestables, fundamentalmente en Resistencia y zonas aleda\u00f1as.<br \/>\nPara lo que resta de este viernes, el organismo nacional estima que hay altas probabilidades de que se registren precipitaciones en la regi\u00f3n, algunas de las cuales podr\u00edan ser localmente intensas. De all\u00ed, la vigencia de la alerta amarilla en la regi\u00f3n.<br \/>\nPara este s\u00e1bado, mejorar\u00edan levemente las condiciones, aunque existen posiblidades de que se produzcan algunas lloviznas, sobre todo durante las primeras horas de la jornada. La temperatura m\u00ednima se ubicar\u00eda en torno a los 13\u00b0 y la m\u00e1xima no superar\u00eda los 25\u00b0, seg\u00fan las estimaciones del SMN.<br \/>\nPara el domingo, se espera una jornada con el cielo algo a parcialmente nublado, sin probabilidades de precipitaciones, fresco por la ma\u00f1ana y m\u00e1s agradable en horas de la siesta y la tarde. Los registros t\u00e9rmicos oscilar\u00edan entre los 15\u00b0 y los 26\u00b0, y esas condiciones se mantendr\u00edan hasta el martes, cuando podr\u00eda retornar las precipitaciones a la regi\u00f3n.<\/div>\n","protected":false},"excerpt":{"rendered":"<p>Seg\u00fan el Servicio Meteorol\u00f3gico Nacional, hay probabilidades de lluvias y tormentas hasta la noche de este viernes. La condiciones mejorar\u00e1n hacia el domingo, con la temperatura oscilando entre los 13\u00b0 y los 26\u00b0. Con los departamentos Bermejo, General Donovan, Libertad, Primero de Mayo y San Fernando a\u00fan en alerta amarilla por tormentas fuertes; el Servicio [&hellip;]<\/p>\n","protected":false},"author":1,"featured_media":26743,"comment_status":"closed","ping_status":"closed","sticky":false,"template":"","format":"standard","meta":{"footnotes":""},"categories":[6],"tags":[],"class_list":{"0":"post-26742","1":"post","2":"type-post","3":"status-publish","4":"format-standard","5":"has-post-thumbnail","7":"category-chaco"},"_links":{"self":[{"href":"https:\/\/chacosintesis.com.ar\/index.php\/wp-json\/wp\/v2\/posts\/26742","targetHints":{"allow":["GET"]}}],"collection":[{"href":"https:\/\/chacosintesis.com.ar\/index.php\/wp-json\/wp\/v2\/posts"}],"about":[{"href":"https:\/\/chacosintesis.com.ar\/index.php\/wp-json\/wp\/v2\/types\/post"}],"author":[{"embeddable":true,"href":"https:\/\/chacosintesis.com.ar\/index.php\/wp-json\/wp\/v2\/users\/1"}],"replies":[{"embeddable":true,"href":"https:\/\/chacosintesis.com.ar\/index.php\/wp-json\/wp\/v2\/comments?post=26742"}],"version-history":[{"count":0,"href":"https:\/\/chacosintesis.com.ar\/index.php\/wp-json\/wp\/v2\/posts\/26742\/revisions"}],"wp:featuredmedia":[{"embeddable":true,"href":"https:\/\/chacosintesis.com.ar\/index.php\/wp-json\/wp\/v2\/media\/26743"}],"wp:attachment":[{"href":"https:\/\/chacosintesis.com.ar\/index.php\/wp-json\/wp\/v2\/media?parent=26742"}],"wp:term":[{"taxonomy":"category","embeddable":true,"href":"https:\/\/chacosintesis.com.ar\/index.php\/wp-json\/wp\/v2\/categories?post=26742"},{"taxonomy":"post_tag","embeddable":true,"href":"https:\/\/chacosintesis.com.ar\/index.php\/wp-json\/wp\/v2\/tags?post=26742"}],"curies":[{"name":"wp","href":"https:\/\/api.w.org\/{rel}","templated":true}]}}