{"id":26736,"date":"2023-09-08T19:36:22","date_gmt":"2023-09-08T22:36:22","guid":{"rendered":"https:\/\/chacosintesis.com.ar\/?p=26736"},"modified":"2023-09-08T19:38:05","modified_gmt":"2023-09-08T22:38:05","slug":"vuelve-a-todo-ritmo-un-evento-de-diversion-para-personas-mayores","status":"publish","type":"post","link":"https:\/\/chacosintesis.com.ar\/index.php\/vuelve-a-todo-ritmo-un-evento-de-diversion-para-personas-mayores\/","title":{"rendered":"Vuelve &#8220;A Todo Ritmo&#8221;, un evento de diversi\u00f3n para personas mayores"},"content":{"rendered":"<div class=\"postie-post\">Del evento participar\u00e1n integrantes de centros de jubilados, residencias y clubes de personas adultas mayores, de \u00e1reas gerontol\u00f3gicas locales, adem\u00e1s de vecinas y vecinos de Resistencia y de localidades aleda\u00f1as.<br \/>\nEl Ministerio de Desarrollo Social del Chaco propone \u201cA todo ritmo\u201d, una actividad para adultos mayores que busca la integraci\u00f3n y la inclusi\u00f3n. Ser\u00e1 el martes 12 de septiembre desde las 18 en la plaza 25 de Mayo de Resistencia.<br \/>\n\u201cA todo ritmo\u201d fue el nombre de la propuesta impulsada por el Ministerio de Desarrollo Social, a trav\u00e9s de la Subsecretar\u00eda de Personas Adultas Mayores, en la cual las vejeces disfrutar\u00e1n de acciones recreativas y l\u00fadicas desde una mirada de promoci\u00f3n y ejercicio de derechos.<br \/>\n\u201cLa Subsecretaria de Personas Adultas Mayores Chaco busca la integraci\u00f3n, inclusi\u00f3n y participaci\u00f3n en la sociedad de las personas mayores, para que vivan en plenitud esta etapa de sus vidas, proponiendo la realizaci\u00f3n de actividades f\u00edsicas, de forma peri\u00f3dica y regular, facilitando a la ciudadan\u00eda tr\u00e1mites y gestiones p\u00fablicas, esta vez junto a Instituto del Deporte Chaque\u00f1o y al INSSSEP OFICIAL\u201d, se\u00f1alaron.<br \/>\nDel evento participar\u00e1n integrantes de centros de jubilados, residencias y clubes de personas adultas mayores, de \u00e1reas gerontol\u00f3gicas locales, adem\u00e1s de vecinas y vecinos de Resistencia y de localidades aleda\u00f1as.<\/div>\n","protected":false},"excerpt":{"rendered":"<p>Del evento participar\u00e1n integrantes de centros de jubilados, residencias y clubes de personas adultas mayores, de \u00e1reas gerontol\u00f3gicas locales, adem\u00e1s de vecinas y vecinos de Resistencia y de localidades aleda\u00f1as. El Ministerio de Desarrollo Social del Chaco propone \u201cA todo ritmo\u201d, una actividad para adultos mayores que busca la integraci\u00f3n y la inclusi\u00f3n. Ser\u00e1 el [&hellip;]<\/p>\n","protected":false},"author":1,"featured_media":26737,"comment_status":"closed","ping_status":"closed","sticky":false,"template":"","format":"standard","meta":{"footnotes":""},"categories":[6],"tags":[],"class_list":{"0":"post-26736","1":"post","2":"type-post","3":"status-publish","4":"format-standard","5":"has-post-thumbnail","7":"category-chaco"},"_links":{"self":[{"href":"https:\/\/chacosintesis.com.ar\/index.php\/wp-json\/wp\/v2\/posts\/26736","targetHints":{"allow":["GET"]}}],"collection":[{"href":"https:\/\/chacosintesis.com.ar\/index.php\/wp-json\/wp\/v2\/posts"}],"about":[{"href":"https:\/\/chacosintesis.com.ar\/index.php\/wp-json\/wp\/v2\/types\/post"}],"author":[{"embeddable":true,"href":"https:\/\/chacosintesis.com.ar\/index.php\/wp-json\/wp\/v2\/users\/1"}],"replies":[{"embeddable":true,"href":"https:\/\/chacosintesis.com.ar\/index.php\/wp-json\/wp\/v2\/comments?post=26736"}],"version-history":[{"count":0,"href":"https:\/\/chacosintesis.com.ar\/index.php\/wp-json\/wp\/v2\/posts\/26736\/revisions"}],"wp:featuredmedia":[{"embeddable":true,"href":"https:\/\/chacosintesis.com.ar\/index.php\/wp-json\/wp\/v2\/media\/26737"}],"wp:attachment":[{"href":"https:\/\/chacosintesis.com.ar\/index.php\/wp-json\/wp\/v2\/media?parent=26736"}],"wp:term":[{"taxonomy":"category","embeddable":true,"href":"https:\/\/chacosintesis.com.ar\/index.php\/wp-json\/wp\/v2\/categories?post=26736"},{"taxonomy":"post_tag","embeddable":true,"href":"https:\/\/chacosintesis.com.ar\/index.php\/wp-json\/wp\/v2\/tags?post=26736"}],"curies":[{"name":"wp","href":"https:\/\/api.w.org\/{rel}","templated":true}]}}