{"id":26732,"date":"2023-09-08T19:30:13","date_gmt":"2023-09-08T22:30:13","guid":{"rendered":"https:\/\/chacosintesis.com.ar\/?p=26732"},"modified":"2023-09-08T19:37:54","modified_gmt":"2023-09-08T22:37:54","slug":"presentaran-un-documento-con-el-listado-de-normativas-ambientales-vigentes-en-chaco","status":"publish","type":"post","link":"https:\/\/chacosintesis.com.ar\/index.php\/presentaran-un-documento-con-el-listado-de-normativas-ambientales-vigentes-en-chaco\/","title":{"rendered":"Presentar\u00e1n un documento con el listado de normativas ambientales vigentes en Chaco"},"content":{"rendered":"<div class=\"postie-post\">&#8220;El digesto contiene leyes nacionales y provinciales, organizadas por tem\u00e1tica y a\u00f1o de sanci\u00f3n y ser\u00e1 de libre acceso para todos y todas\u201d, explicaron.<br \/>\nEl Ministerio de Ambiente y Desarrollo Territorial Sostenible presentar\u00e1 el Digesto Ambiental de la Provincia del Chaco, una recopilaci\u00f3n de toda la normativa con incidencia en cuestiones ambientales. Ser\u00e1 este mi\u00e9rcoles 12 de septiembre en Resistencia.<br \/>\n\u201cEste documento es parte de una pol\u00edtica p\u00fablica que busca garantizar el acceso a la informaci\u00f3n acerca de los deberes y derechos de los organismos del Estado y de la ciudadan\u00eda, seg\u00fan la legislaci\u00f3n vigente en materia ambiental\u201d, se\u00f1alaron desde la cartera.<br \/>\n\u201cEl digesto contiene leyes nacionales y provinciales, organizadas por tem\u00e1tica y a\u00f1o de sanci\u00f3n y ser\u00e1 de libre acceso para todos y todas\u201d, explicaron.<br \/>\nLa presentaci\u00f3n ser\u00e1 el martes 12 de septiembre a las 9 en el Centro de Estudios Judiciales en Juan B. Justo 42, 1er. Piso, Resistencia.<\/div>\n","protected":false},"excerpt":{"rendered":"<p>&#8220;El digesto contiene leyes nacionales y provinciales, organizadas por tem\u00e1tica y a\u00f1o de sanci\u00f3n y ser\u00e1 de libre acceso para todos y todas\u201d, explicaron. El Ministerio de Ambiente y Desarrollo Territorial Sostenible presentar\u00e1 el Digesto Ambiental de la Provincia del Chaco, una recopilaci\u00f3n de toda la normativa con incidencia en cuestiones ambientales. Ser\u00e1 este mi\u00e9rcoles [&hellip;]<\/p>\n","protected":false},"author":1,"featured_media":26733,"comment_status":"closed","ping_status":"closed","sticky":false,"template":"","format":"standard","meta":{"footnotes":""},"categories":[6],"tags":[],"class_list":{"0":"post-26732","1":"post","2":"type-post","3":"status-publish","4":"format-standard","5":"has-post-thumbnail","7":"category-chaco"},"_links":{"self":[{"href":"https:\/\/chacosintesis.com.ar\/index.php\/wp-json\/wp\/v2\/posts\/26732","targetHints":{"allow":["GET"]}}],"collection":[{"href":"https:\/\/chacosintesis.com.ar\/index.php\/wp-json\/wp\/v2\/posts"}],"about":[{"href":"https:\/\/chacosintesis.com.ar\/index.php\/wp-json\/wp\/v2\/types\/post"}],"author":[{"embeddable":true,"href":"https:\/\/chacosintesis.com.ar\/index.php\/wp-json\/wp\/v2\/users\/1"}],"replies":[{"embeddable":true,"href":"https:\/\/chacosintesis.com.ar\/index.php\/wp-json\/wp\/v2\/comments?post=26732"}],"version-history":[{"count":0,"href":"https:\/\/chacosintesis.com.ar\/index.php\/wp-json\/wp\/v2\/posts\/26732\/revisions"}],"wp:featuredmedia":[{"embeddable":true,"href":"https:\/\/chacosintesis.com.ar\/index.php\/wp-json\/wp\/v2\/media\/26733"}],"wp:attachment":[{"href":"https:\/\/chacosintesis.com.ar\/index.php\/wp-json\/wp\/v2\/media?parent=26732"}],"wp:term":[{"taxonomy":"category","embeddable":true,"href":"https:\/\/chacosintesis.com.ar\/index.php\/wp-json\/wp\/v2\/categories?post=26732"},{"taxonomy":"post_tag","embeddable":true,"href":"https:\/\/chacosintesis.com.ar\/index.php\/wp-json\/wp\/v2\/tags?post=26732"}],"curies":[{"name":"wp","href":"https:\/\/api.w.org\/{rel}","templated":true}]}}