{"id":26730,"date":"2023-09-08T19:29:16","date_gmt":"2023-09-08T22:29:16","guid":{"rendered":"https:\/\/chacosintesis.com.ar\/?p=26730"},"modified":"2023-09-08T19:37:49","modified_gmt":"2023-09-08T22:37:49","slug":"rectores-y-rectoras-llaman-a-seguir-avanzando-en-el-desarrollo-en-una-educacion-universitaria-publica","status":"publish","type":"post","link":"https:\/\/chacosintesis.com.ar\/index.php\/rectores-y-rectoras-llaman-a-seguir-avanzando-en-el-desarrollo-en-una-educacion-universitaria-publica\/","title":{"rendered":"Rectores y rectoras llaman a \u201cseguir avanzando en el desarrollo en una educaci\u00f3n universitaria p\u00fablica\u201d"},"content":{"rendered":"<div class=\"postie-post\">Con la participaci\u00f3n del rector de la UNNE, en el 90\u00b0 Plenario los directivos de universidades nacionales firmaron la Declaraci\u00f3n de San Luis y definieron criterios para el proyecto del Presupuesto 2024.<br \/>\nEn el marco del 90\u00b0 Plenario del Consejo Interuniversitario Nacional (CIN), rectoras y rectores de universidades argentinas firmaron la Declaraci\u00f3n de San Luis, por medio de la cual hacen un llamado \u201ca ratificar lo construido y a seguir avanzando en el desarrollo en una educaci\u00f3n universitaria p\u00fablica para todas y todos\u201d. Tambi\u00e9n definieron criterios para el proyecto de Presupuesto 2024 con foco en garantizar el funcionamiento del sistema universitario. El rector de la Universidad Nacional del Nordeste (UNNE), Dr. Omar Larroza, particip\u00f3 del encuentro que tuvo lugar en la Universidad Nacional de San Luis (UNSL).<br \/>\nEl Plenario acord\u00f3 los criterios y la metodolog\u00eda para la formulaci\u00f3n presupuestaria 2024 del conjunto de las universidades. \u201cSe trata de una propuesta que buscar\u00e1 garantizar el sostenimiento y el funcionamiento del sistema universitario, porque contiene los acuerdos paritarios y la actualizaci\u00f3n de los gastos de acuerdo con la inflaci\u00f3n proyectada\u201d, detall\u00f3 Carlos Greco, presidente del CIN. La pr\u00f3xima semana se realizar\u00e1 la presentaci\u00f3n ante la Secretar\u00eda de Pol\u00edticas Universitarias (SPU).<br \/>\n\u201cEn funci\u00f3n de todas las cosas que han venido surgiendo para la comunidad del sistema universitario, es un orgullo hoy darles el recibimiento en nuestra provincia\u201d, celebr\u00f3 en la apertura del plenario V\u00edctor Mori\u00f1igo, rector anfitri\u00f3n de la jornada de trabajo. En la misma l\u00ednea, Mart\u00edn Olivero, intendente de La Punta, escenario de la actividad, agradeci\u00f3 la elecci\u00f3n de esa ciudad para el evento.<br \/>\n\u201cNuestro sistema universitario expresa de manera contundente, plena, amplia y federal una vocaci\u00f3n para trabajar por el bien com\u00fan que permita generar, transmitir y propiciar el conocimiento para que nuestra gente pueda vivir mejor\u201d, expres\u00f3 a su turno Greco para dar inicio a la sesi\u00f3n. \u201cNosotros no venimos a defender nada; lo que tenemos que hacer es sostenerlo y amplificarlo porque es muy valioso\u201d, complet\u00f3.<br \/>\nOscar Alpa, titular de la SPU, agradeci\u00f3 el trabajo que se viene haciendo a partir de los siete puntos. \u201cEstamos hablando de pol\u00edticas universitarias m\u00e1s all\u00e1 de planteos partidarios o en el marco de las elecciones; es entender las necesidades, conocernos y pensar en nuestros estudiantes para generar un documento que est\u00e9 en permanente revisi\u00f3n como gu\u00eda\u201d, detall\u00f3.<br \/>\nM\u00e1s estudiantes en las universidades nacionales<\/p>\n<p>Por su parte, Jaime Perczyk, ministro de Educaci\u00f3n, subray\u00f3 que \u201cen 40 a\u00f1os de democracia multiplicamos por siete la cantidad de estudiantes en nuestras universidades y la Argentina no lleg\u00f3 a duplicar su poblaci\u00f3n total; eso es un m\u00e9rito\u201d. En ese sentido, alent\u00f3 el avance de acuerdos \u201chacia una universidad mejor; para que pongamos a los chicos argentinos en el centro del debate\u201d.<br \/>\nEl pleno de autoridades del sistema universitario p\u00fablico aprob\u00f3 la firma de dos declaraciones. La primera de ellas da mandato a las y los representantes del CIN ante el Consejo de Universidades y ante otras instancias necesaria para que se concrete lo propuesto en relaci\u00f3n con los \u201csiete puntos\u201d antes mencionados. La otra, titulada Declaraci\u00f3n de San Luis, se propone un llamado \u201ca ratificar lo construido y a seguir avanzando en el desarrollo en una educaci\u00f3n universitaria p\u00fablica para todas y todos\u201d.<br \/>\n\u201cQueremos ratificar, hoy m\u00e1s que nunca, lo expresado en la \u201cDeclaraci\u00f3n de Rosario\u201d del 20 de junio de 2023\u201d, dicen en el texto.<br \/>\nMori\u00f1igo, vicepresidente de este Consejo, relat\u00f3 que se hab\u00eda recibido un pedido de colaboraci\u00f3n en el reclamo de distintos colectivos de docentes jubilados que refiere a los mecanismos de movilidad. \u201cManifestamos que avanzamos en el di\u00e1logo con la Administraci\u00f3n Nacional de la Seguridad Social (ANSES), tal como nos fuera requerido formalmente y nos hemos comprometido con seguir las gestiones sobre el tema ante un reclamo que nos parece totalmente justo\u201d, coment\u00f3.<br \/>\nAsimismo, una comitiva del Centro Universitario Argentino-Alem\u00e1n (CUAA-DAHZ) tuvo una participaci\u00f3n durante la reuni\u00f3n y expresaron su intenci\u00f3n de continuar con la colaboraci\u00f3n mutua.<\/p><\/div>\n","protected":false},"excerpt":{"rendered":"<p>Con la participaci\u00f3n del rector de la UNNE, en el 90\u00b0 Plenario los directivos de universidades nacionales firmaron la Declaraci\u00f3n de San Luis y definieron criterios para el proyecto del Presupuesto 2024. En el marco del 90\u00b0 Plenario del Consejo Interuniversitario Nacional (CIN), rectoras y rectores de universidades argentinas firmaron la Declaraci\u00f3n de San Luis, [&hellip;]<\/p>\n","protected":false},"author":1,"featured_media":26731,"comment_status":"closed","ping_status":"closed","sticky":false,"template":"","format":"standard","meta":{"footnotes":""},"categories":[6],"tags":[],"class_list":{"0":"post-26730","1":"post","2":"type-post","3":"status-publish","4":"format-standard","5":"has-post-thumbnail","7":"category-chaco"},"_links":{"self":[{"href":"https:\/\/chacosintesis.com.ar\/index.php\/wp-json\/wp\/v2\/posts\/26730","targetHints":{"allow":["GET"]}}],"collection":[{"href":"https:\/\/chacosintesis.com.ar\/index.php\/wp-json\/wp\/v2\/posts"}],"about":[{"href":"https:\/\/chacosintesis.com.ar\/index.php\/wp-json\/wp\/v2\/types\/post"}],"author":[{"embeddable":true,"href":"https:\/\/chacosintesis.com.ar\/index.php\/wp-json\/wp\/v2\/users\/1"}],"replies":[{"embeddable":true,"href":"https:\/\/chacosintesis.com.ar\/index.php\/wp-json\/wp\/v2\/comments?post=26730"}],"version-history":[{"count":0,"href":"https:\/\/chacosintesis.com.ar\/index.php\/wp-json\/wp\/v2\/posts\/26730\/revisions"}],"wp:featuredmedia":[{"embeddable":true,"href":"https:\/\/chacosintesis.com.ar\/index.php\/wp-json\/wp\/v2\/media\/26731"}],"wp:attachment":[{"href":"https:\/\/chacosintesis.com.ar\/index.php\/wp-json\/wp\/v2\/media?parent=26730"}],"wp:term":[{"taxonomy":"category","embeddable":true,"href":"https:\/\/chacosintesis.com.ar\/index.php\/wp-json\/wp\/v2\/categories?post=26730"},{"taxonomy":"post_tag","embeddable":true,"href":"https:\/\/chacosintesis.com.ar\/index.php\/wp-json\/wp\/v2\/tags?post=26730"}],"curies":[{"name":"wp","href":"https:\/\/api.w.org\/{rel}","templated":true}]}}