{"id":26726,"date":"2023-09-08T19:25:41","date_gmt":"2023-09-08T22:25:41","guid":{"rendered":"https:\/\/chacosintesis.com.ar\/?p=26726"},"modified":"2023-09-08T19:37:37","modified_gmt":"2023-09-08T22:37:37","slug":"habilitaron-una-nueva-unidad-educativa-privada-con-formacion-agropecuaria","status":"publish","type":"post","link":"https:\/\/chacosintesis.com.ar\/index.php\/habilitaron-una-nueva-unidad-educativa-privada-con-formacion-agropecuaria\/","title":{"rendered":"Habilitaron una nueva Unidad Educativa Privada con formaci\u00f3n agropecuaria"},"content":{"rendered":"<div class=\"postie-post\">Cuenta con una matr\u00edcula inicial de 13 estudiantes, y responde a una demanda de la comunidad del paraje &#8220;El Retiro&#8221;, dado que las y los j\u00f3venes no ten\u00edan posibilidades de estudiar en su lugar de residencia.<br \/>\nEn Miraflores, el ministro de Educaci\u00f3n, Aldo Lineras particip\u00f3 este viernes de la habilitaci\u00f3n formal de la Unidad Educativa de Gesti\u00f3n Privada N\u00b0 252 \u201cEl Retiro\u201d, creada recientemente en el paraje que tambi\u00e9n lleva el mismo nombre de la instituci\u00f3n, la cual fue creada atendiendo a un fuerte proyecto comunitario agropecuario para brindar las herramientas necesarias para que las y los adolescentes y j\u00f3venes puedan estudiar en su lugar, y as\u00ed evitar el desarraigo. La nueva instituci\u00f3n educativa tiene una matr\u00edcula de 13 estudiantes.<br \/>\nMediante la Resoluci\u00f3n N\u00b0 2415\/23 del Ministerio de Educaci\u00f3n de la provincia del Chaco, se crea la UEGP N\u00b0 252 para el Nivel Secundario y modalidad Educaci\u00f3n T\u00e9cnica \u2013 Agropecuaria.<br \/>\nLa creaci\u00f3n responde a una demanda de la comunidad del paraje \u201cEl Retiro\u201d, como as\u00ed tambi\u00e9n a la intervenci\u00f3n de la Fundaci\u00f3n \u201cEl Retiro\u201d, debido a que las y los j\u00f3venes no ten\u00edan posibilidades de estudiar en su lugar de residencia, ya que en la zona hay una sola escuela secundaria con albergue, y por cupo o lejan\u00eda, la mayor\u00eda interrump\u00eda los estudios.<br \/>\nEn la oportunidad, el ministro Lineras comparti\u00f3 la alegr\u00eda con esta comunidad por haberse cumplido con el proyecto que ten\u00eda para conformar una unidad educativa privada, para garantizar educaci\u00f3n a las y los j\u00f3venes, recordando las reuniones previas que mantuvieron con los representantes de la Asociaci\u00f3n Civil de la Familia Agr\u00edcola \u201cEl Retiro\u201d. Pidi\u00f3 la integraci\u00f3n de todos los proyectos educativos de esta localidad de El Impenetrable para beneficio de toda comunidad, manifestando que el Gobierno Provincial tiene &#8220;grandes expectativas a futuro con esta zona, teniendo en cuenta la nueva ruta, el potencial ambiental y de la producci\u00f3n con el desarrollo local para el crecimiento econ\u00f3mico y social\u201d.<br \/>\nAsimismo, se\u00f1al\u00f3 que este es el inicio para proyectar en conjunto las mejoras de infraestructura y equipamientos necesarios para el desarrollo de esta unidad educativa, que se gest\u00f3 con la colaboraci\u00f3n de entidades estatales y privadas, y record\u00f3 que en la provincia hay cerca de 1000 escuelas rurales que garantizan el derecho social a la educaci\u00f3n de ni\u00f1os, ni\u00f1as, adolescentes y j\u00f3venes. Cabe decir que en el caso puntual de las Escuelas de la Familia Agr\u00edcola \u2013una modalidad educativa con sistema de alternancia-, se est\u00e1n realizando las actualizaciones de los dise\u00f1os curriculares.<br \/>\nEl director de la UEGP 252, Rub\u00e9n Rafael Wesner, por su parte, destac\u00f3 que \u201ceste es un sue\u00f1o hecho realidad para quienes anhelamos la concreci\u00f3n de este proyecto durante mucho tiempo, para los y las estudiantes que podr\u00e1n recibir educaci\u00f3n de calidad sin necesidad de dejar sus hogares y para toda la comunidad\u201d. Tambi\u00e9n estuvo presente en este acto la subsecretaria de Educaci\u00f3n, Ludmila Pellegrini; el director general de Gesti\u00f3n Educativa, Enrique Soto; representantes de la Regional Educativa de la zona y de escuelas de la Familia Agr\u00edcola; entre otras autoridades municipales.<br \/>\nEl ministro Lineras, junto a su equipo, luego visit\u00f3 la EEP N\u00b0 819 del paraje El Retiro, que tambi\u00e9n tuvo mucho que ver con el proyecto educativo de la secundaria con orientaci\u00f3n agropecuaria. Tambi\u00e9n el Jard\u00edn de Infantes 142 y la EES 90, todas las instituciones de Miraflores.<\/div>\n","protected":false},"excerpt":{"rendered":"<p>Cuenta con una matr\u00edcula inicial de 13 estudiantes, y responde a una demanda de la comunidad del paraje &#8220;El Retiro&#8221;, dado que las y los j\u00f3venes no ten\u00edan posibilidades de estudiar en su lugar de residencia. En Miraflores, el ministro de Educaci\u00f3n, Aldo Lineras particip\u00f3 este viernes de la habilitaci\u00f3n formal de la Unidad Educativa [&hellip;]<\/p>\n","protected":false},"author":1,"featured_media":26727,"comment_status":"closed","ping_status":"closed","sticky":false,"template":"","format":"standard","meta":{"footnotes":""},"categories":[6],"tags":[],"class_list":{"0":"post-26726","1":"post","2":"type-post","3":"status-publish","4":"format-standard","5":"has-post-thumbnail","7":"category-chaco"},"_links":{"self":[{"href":"https:\/\/chacosintesis.com.ar\/index.php\/wp-json\/wp\/v2\/posts\/26726","targetHints":{"allow":["GET"]}}],"collection":[{"href":"https:\/\/chacosintesis.com.ar\/index.php\/wp-json\/wp\/v2\/posts"}],"about":[{"href":"https:\/\/chacosintesis.com.ar\/index.php\/wp-json\/wp\/v2\/types\/post"}],"author":[{"embeddable":true,"href":"https:\/\/chacosintesis.com.ar\/index.php\/wp-json\/wp\/v2\/users\/1"}],"replies":[{"embeddable":true,"href":"https:\/\/chacosintesis.com.ar\/index.php\/wp-json\/wp\/v2\/comments?post=26726"}],"version-history":[{"count":0,"href":"https:\/\/chacosintesis.com.ar\/index.php\/wp-json\/wp\/v2\/posts\/26726\/revisions"}],"wp:featuredmedia":[{"embeddable":true,"href":"https:\/\/chacosintesis.com.ar\/index.php\/wp-json\/wp\/v2\/media\/26727"}],"wp:attachment":[{"href":"https:\/\/chacosintesis.com.ar\/index.php\/wp-json\/wp\/v2\/media?parent=26726"}],"wp:term":[{"taxonomy":"category","embeddable":true,"href":"https:\/\/chacosintesis.com.ar\/index.php\/wp-json\/wp\/v2\/categories?post=26726"},{"taxonomy":"post_tag","embeddable":true,"href":"https:\/\/chacosintesis.com.ar\/index.php\/wp-json\/wp\/v2\/tags?post=26726"}],"curies":[{"name":"wp","href":"https:\/\/api.w.org\/{rel}","templated":true}]}}