{"id":26712,"date":"2023-09-08T16:41:35","date_gmt":"2023-09-08T19:41:35","guid":{"rendered":"https:\/\/chacosintesis.com.ar\/?p=26712"},"modified":"2023-09-08T17:06:54","modified_gmt":"2023-09-08T20:06:54","slug":"fontana-cuenta-con-su-polo-tecnologico-y-con-las-empresas-kanji-y-contactus-en-funcionamiento","status":"publish","type":"post","link":"https:\/\/chacosintesis.com.ar\/index.php\/fontana-cuenta-con-su-polo-tecnologico-y-con-las-empresas-kanji-y-contactus-en-funcionamiento\/","title":{"rendered":"Fontana cuenta con su Polo Tecnol\u00f3gico y con las empresas &#8220;Kanji&#8221; y &#8220;Contactus&#8221; en funcionamiento"},"content":{"rendered":"<div class=\"postie-post\">Acompa\u00f1\u00f3 las inauguraciones el gobernador Jorge Capitanich, quien adem\u00e1s entreg\u00f3 38 viviendas y habilit\u00f3 un registro civil, un centro comunitario y una escuela de danza, entre otras obras.<br \/>\nEn Fontana, el gobernador Jorge Capitanich y la intendenta Patricia Rodas inauguraron este viernes el Polo Tecnol\u00f3gico, que demand\u00f3 una inversi\u00f3n de m\u00e1s de 78 millones de pesos para que las firmas Kanji y el Call Center \u201cContactus\u201d se radiquen y comiencen a desarrollar sus actividades. \u201cEn esta \u00e9poca de inflaci\u00f3n e inestabilidad macroecon\u00f3mica, que existan inversiones de este tipo y capacidad para generar empleo es algo muy bueno que tenemos que valorar\u201d, subray\u00f3 el mandatario.<br \/>\nEl Call Center brindar\u00e1 empleo a 90 personas en una primera instancia (durante septiembre), cifra que ascender\u00e1 a 200 en los pr\u00f3ximos meses hasta completar la capacidad total de 400 puestos. Se trata del primer servicio de este tipo radicado en Fontana.<br \/>\nEn tanto que la firma Kanji generar\u00e1 35 empleos en esta planta donde se ensamblar\u00e1n televisores, pavas el\u00e9ctricas y cafeteras que ser\u00e1n comercializados en la provincia. Se trata de una reivindicaci\u00f3n hist\u00f3rica para Chaco, ya que hace 40 a\u00f1os se retiraba de la provincia Noblex, que fabricaba televisores.<br \/>\n\u201cDesde el d\u00eda de la Industria (2 de septiembre) nos pasamos inaugurando industrias para fortalecer as\u00ed las 20 cadenas de valor que integran nuestra econom\u00eda productiva\u201d, subray\u00f3 el mandatario, citando como ejemplo la f\u00e1brica de pelotas Kagiva, y la industria textil con empresas como Altotek. En ese punto, indic\u00f3 que los emprendimientos recientemente inaugurados y los que se habilitar\u00e1n ma\u00f1ana, permitir\u00e1n consolidar 1.000 puestos de trabajo directos e indirectos con una proyecci\u00f3n de 5 mil puestos para los pr\u00f3ximos meses.<br \/>\nRecord\u00f3 as\u00ed que Chaco es l\u00edder en el Norte y Nordeste argentino en generaci\u00f3n de empleo privado registrado con 102.790 empleos. \u201cHacemos el m\u00e1ximo esfuerzo fiscal para promover estas inversiones, pero nada ser\u00eda posible sin los recursos humanos calificados con los que cuenta Chaco\u201d, dijo, y agreg\u00f3: \u201cdebemos sentir orgullo de nuestras y nuestros trabajadores, altamente capacitados y con gran productividad, lo que sumado a los incentivos que promueve el Estado, hace que Chaco sea un destino atractivo para el empresariado\u201d.<br \/>\nParticiparon de la actividad el ministro de Planificaci\u00f3n, Econom\u00eda e Infraestructura, Santiago P\u00e9rez Pons; la ministra de Desarrollo Social, P\u00eda Chiacchio Cavana; el ministro de Producci\u00f3n, Industria y Empleo, Sebasti\u00e1n Lifton; el subsecretario de Empleo, Lucas Cepeda; y en representaci\u00f3n de las empresas radicadas en el Polo Tecnol\u00f3gico Rodolfo Fern\u00e1ndez Florianai (Call Center) y Eduardo Marjbein (Kanji).<br \/>\n&#8220;Gracias al Polo Tecnol\u00f3gico y la inversi\u00f3n de empresas, m\u00e1s de 100 j\u00f3venes podr\u00e1n trabajar en el Call Center, siendo su primer empleo. Por su parte, Kanji ser\u00e1 la primera f\u00e1brica de televisores despu\u00e9s de 20 a\u00f1os que se radicar\u00e1 en la provincia&#8221;, destac\u00f3 P\u00e9rez Pons.<br \/>\nEduardo Marjbei, titular de la empresa Fagsistems de la que depende Kanji, celebr\u00f3 la radicaci\u00f3n de la firma en Chaco y destac\u00f3 la alta calificaci\u00f3n de los trabajadores. \u201cEn una ma\u00f1ana han hecho el 10 por ciento de toda la producci\u00f3n que pens\u00e1bamos hacer en una semana\u201d, coment\u00f3 el empresario. En tanto, Florianai de Contactus, destac\u00f3 los beneficios que otorg\u00f3 el Estado para la instalaci\u00f3n de la firma y las instalaciones del Polo Tecnol\u00f3gico.<br \/>\nEntrega de viviendas e inauguraci\u00f3n de obras<br \/>\nEn su visita a Fontana, Capitanich inaugur\u00f3 38 viviendas que demandaron una inversi\u00f3n de $529.858.069 con financiamiento del programa nacional \u201cConstruir Futuro \u2013 Casa Propia\u201d. Con cada unidad se entreg\u00f3 adem\u00e1s una biblioteca con 14 publicaciones en el marco del Programa \u201cLibros y Casas\u201d de Naci\u00f3n.<br \/>\nAdem\u00e1s, habilit\u00f3 las obras del Registro Civil ($28.533.644), la refacci\u00f3n de la Escuela Bagual Fuentes ($16.496.599) y una Plazoleta y Centro Comunitario en el Barrio Evita ($16.496.599) con financiamiento del Ministerio de Planificaci\u00f3n, Econom\u00eda e Infraestructura.<br \/>\n 08\/09\/2023 | Resistencia, Chaco.<br \/>\nM\u00c1S DE MIL NUEVOS PUESTOS DE TRABAJO<br \/>\nFontana cuenta con su Polo Tecnol\u00f3gico y con las empresas &#8220;Kanji&#8221; y &#8220;Contactus&#8221; en funcionamiento<br \/>\nAcompa\u00f1\u00f3 las inauguraciones el gobernador Jorge Capitanich, quien adem\u00e1s entreg\u00f3 38 viviendas y habilit\u00f3 un registro civil, un centro comunitario y una escuela de danza, entre otras obras.<br \/>\n Compartir Twittear Correo electr\u00f3nico Compartir<br \/>\nEn Fontana, el gobernador Jorge Capitanich y la intendenta Patricia Rodas inauguraron este viernes el Polo Tecnol\u00f3gico, que demand\u00f3 una inversi\u00f3n de m\u00e1s de 78 millones de pesos para que las firmas Kanji y el Call Center \u201cContactus\u201d se radiquen y comiencen a desarrollar sus actividades. \u201cEn esta \u00e9poca de inflaci\u00f3n e inestabilidad macroecon\u00f3mica, que existan inversiones de este tipo y capacidad para generar empleo es algo muy bueno que tenemos que valorar\u201d, subray\u00f3 el mandatario.<br \/>\nEl Call Center brindar\u00e1 empleo a 90 personas en una primera instancia (durante septiembre), cifra que ascender\u00e1 a 200 en los pr\u00f3ximos meses hasta completar la capacidad total de 400 puestos. Se trata del primer servicio de este tipo radicado en Fontana.<br \/>\nEn tanto que la firma Kanji generar\u00e1 35 empleos en esta planta donde se ensamblar\u00e1n televisores, pavas el\u00e9ctricas y cafeteras que ser\u00e1n comercializados en la provincia. Se trata de una reivindicaci\u00f3n hist\u00f3rica para Chaco, ya que hace 40 a\u00f1os se retiraba de la provincia Noblex, que fabricaba televisores.<\/p>\n<p>\u201cDesde el d\u00eda de la Industria (2 de septiembre) nos pasamos inaugurando industrias para fortalecer as\u00ed las 20 cadenas de valor que integran nuestra econom\u00eda productiva\u201d, subray\u00f3 el mandatario, citando como ejemplo la f\u00e1brica de pelotas Kagiva, y la industria textil con empresas como Altotek. En ese punto, indic\u00f3 que los emprendimientos recientemente inaugurados y los que se habilitar\u00e1n ma\u00f1ana, permitir\u00e1n consolidar 1.000 puestos de trabajo directos e indirectos con una proyecci\u00f3n de 5 mil puestos para los pr\u00f3ximos meses.<br \/>\nRecord\u00f3 as\u00ed que Chaco es l\u00edder en el Norte y Nordeste argentino en generaci\u00f3n de empleo privado registrado con 102.790 empleos. \u201cHacemos el m\u00e1ximo esfuerzo fiscal para promover estas inversiones, pero nada ser\u00eda posible sin los recursos humanos calificados con los que cuenta Chaco\u201d, dijo, y agreg\u00f3: \u201cdebemos sentir orgullo de nuestras y nuestros trabajadores, altamente capacitados y con gran productividad, lo que sumado a los incentivos que promueve el Estado, hace que Chaco sea un destino atractivo para el empresariado\u201d.<br \/>\nParticiparon de la actividad el ministro de Planificaci\u00f3n, Econom\u00eda e Infraestructura, Santiago P\u00e9rez Pons; la ministra de Desarrollo Social, P\u00eda Chiacchio Cavana; el ministro de Producci\u00f3n, Industria y Empleo, Sebasti\u00e1n Lifton; el subsecretario de Empleo, Lucas Cepeda; y en representaci\u00f3n de las empresas radicadas en el Polo Tecnol\u00f3gico Rodolfo Fern\u00e1ndez Florianai (Call Center) y Eduardo Marjbein (Kanji).<br \/>\n&#8220;Gracias al Polo Tecnol\u00f3gico y la inversi\u00f3n de empresas, m\u00e1s de 100 j\u00f3venes podr\u00e1n trabajar en el Call Center, siendo su primer empleo. Por su parte, Kanji ser\u00e1 la primera f\u00e1brica de televisores despu\u00e9s de 20 a\u00f1os que se radicar\u00e1 en la provincia&#8221;, destac\u00f3 P\u00e9rez Pons.<\/p>\n<p>Eduardo Marjbei, titular de la empresa Fagsistems de la que depende Kanji, celebr\u00f3 la radicaci\u00f3n de la firma en Chaco y destac\u00f3 la alta calificaci\u00f3n de los trabajadores. \u201cEn una ma\u00f1ana han hecho el 10 por ciento de toda la producci\u00f3n que pens\u00e1bamos hacer en una semana\u201d, coment\u00f3 el empresario. En tanto, Florianai de Contactus, destac\u00f3 los beneficios que otorg\u00f3 el Estado para la instalaci\u00f3n de la firma y las instalaciones del Polo Tecnol\u00f3gico.<br \/>\nEntrega de viviendas e inauguraci\u00f3n de obras<\/p>\n<p>En su visita a Fontana, Capitanich inaugur\u00f3 38 viviendas que demandaron una inversi\u00f3n de $529.858.069 con financiamiento del programa nacional \u201cConstruir Futuro \u2013 Casa Propia\u201d. Con cada unidad se entreg\u00f3 adem\u00e1s una biblioteca con 14 publicaciones en el marco del Programa \u201cLibros y Casas\u201d de Naci\u00f3n.<br \/>\nAdem\u00e1s, habilit\u00f3 las obras del Registro Civil ($28.533.644), la refacci\u00f3n de la Escuela Bagual Fuentes ($16.496.599) y una Plazoleta y Centro Comunitario en el Barrio Evita ($16.496.599) con financiamiento del Ministerio de Planificaci\u00f3n, Econom\u00eda e Infraestructura.<\/p>\n<p>En el asentamiento Lavalle entreg\u00f3 20 tarjetas del Programa \u201cMejor Techo \u2013 Mejor Vida\u201d, iniciativa del Estado chaque\u00f1o que consiste en un aporte econ\u00f3mico de emergencia (no reintegrable) para que familias en situaci\u00f3n de vulnerabilidad social puedan realizar la refacci\u00f3n, remodelaci\u00f3n y ampliaci\u00f3n de sus viviendas. Entre dichos aportes, m\u00e1s obras realizadas por el Estado en cada vivienda y en apertura de calles de la barriada, la inversi\u00f3n super\u00f3 los 65 millones de pesos.<br \/>\nAll\u00ed, la ministra Chiacchio Cavana valor\u00f3 la gran inversi\u00f3n que realiza el Estado en el asentamiento en infraestructura b\u00e1sica para mejorar la calidad de vida de la gente. \u201cDe a poco este asentamiento se va convirtiendo en un barrio con todos los servicios\u201d, dijo.<\/p><\/div>\n","protected":false},"excerpt":{"rendered":"<p>Acompa\u00f1\u00f3 las inauguraciones el gobernador Jorge Capitanich, quien adem\u00e1s entreg\u00f3 38 viviendas y habilit\u00f3 un registro civil, un centro comunitario y una escuela de danza, entre otras obras. En Fontana, el gobernador Jorge Capitanich y la intendenta Patricia Rodas inauguraron este viernes el Polo Tecnol\u00f3gico, que demand\u00f3 una inversi\u00f3n de m\u00e1s de 78 millones de [&hellip;]<\/p>\n","protected":false},"author":1,"featured_media":26713,"comment_status":"closed","ping_status":"closed","sticky":false,"template":"","format":"standard","meta":{"footnotes":""},"categories":[6],"tags":[],"class_list":{"0":"post-26712","1":"post","2":"type-post","3":"status-publish","4":"format-standard","5":"has-post-thumbnail","7":"category-chaco"},"_links":{"self":[{"href":"https:\/\/chacosintesis.com.ar\/index.php\/wp-json\/wp\/v2\/posts\/26712","targetHints":{"allow":["GET"]}}],"collection":[{"href":"https:\/\/chacosintesis.com.ar\/index.php\/wp-json\/wp\/v2\/posts"}],"about":[{"href":"https:\/\/chacosintesis.com.ar\/index.php\/wp-json\/wp\/v2\/types\/post"}],"author":[{"embeddable":true,"href":"https:\/\/chacosintesis.com.ar\/index.php\/wp-json\/wp\/v2\/users\/1"}],"replies":[{"embeddable":true,"href":"https:\/\/chacosintesis.com.ar\/index.php\/wp-json\/wp\/v2\/comments?post=26712"}],"version-history":[{"count":0,"href":"https:\/\/chacosintesis.com.ar\/index.php\/wp-json\/wp\/v2\/posts\/26712\/revisions"}],"wp:featuredmedia":[{"embeddable":true,"href":"https:\/\/chacosintesis.com.ar\/index.php\/wp-json\/wp\/v2\/media\/26713"}],"wp:attachment":[{"href":"https:\/\/chacosintesis.com.ar\/index.php\/wp-json\/wp\/v2\/media?parent=26712"}],"wp:term":[{"taxonomy":"category","embeddable":true,"href":"https:\/\/chacosintesis.com.ar\/index.php\/wp-json\/wp\/v2\/categories?post=26712"},{"taxonomy":"post_tag","embeddable":true,"href":"https:\/\/chacosintesis.com.ar\/index.php\/wp-json\/wp\/v2\/tags?post=26712"}],"curies":[{"name":"wp","href":"https:\/\/api.w.org\/{rel}","templated":true}]}}