{"id":26710,"date":"2023-09-08T16:39:46","date_gmt":"2023-09-08T19:39:46","guid":{"rendered":"https:\/\/chacosintesis.com.ar\/?p=26710"},"modified":"2023-09-08T17:06:49","modified_gmt":"2023-09-08T20:06:49","slug":"feria-del-libro-ultimo-fin-de-semana-para-aprovechar-descuentos-y-espectaculos-gratuitos","status":"publish","type":"post","link":"https:\/\/chacosintesis.com.ar\/index.php\/feria-del-libro-ultimo-fin-de-semana-para-aprovechar-descuentos-y-espectaculos-gratuitos\/","title":{"rendered":"Feria del Libro: \u00faltimo fin de semana para aprovechar descuentos y espect\u00e1culos gratuitos"},"content":{"rendered":"<div class=\"postie-post\">Hasta el domingo, en el Domo del Centenario de Resistencia, se vivir\u00e1n los \u00faltimos d\u00edas de esta exitosa propuesta cultural.<br \/>\nDesde hoy viernes 8 y hasta el domingo 10 de septiembre, en el Domo del Centenario se vivir\u00e1n los \u00faltimos d\u00edas de la Feria Iberoamericana del Libro del Chaco (FILC) que este a\u00f1o ofrece libros con 50 por ciento de descuento junto a una variada oferta de shows, charlas y talleres libres y gratuitos. \u201cPorque leer en democracia es leer en libertad, invitamos a toda la familia chaque\u00f1a a disfrutar los \u00faltimos tres d\u00edas de nuestra querida FILC\u201d, expres\u00f3 el presidente del Instituto de Cultura del Chaco (ICCH), Francisco Tete Romero. La grilla completa de actividades puede consultarse en <a href=\"https:\/\/www.filchaco.com.ar\/\">www.filchaco.com.ar\/<\/a><br \/>\nAdem\u00e1s, Romero destac\u00f3: \u201cQuiero invitar muy especialmente a la familia chaque\u00f1a por tres razones: en principio, porque sostenemos el derecho a la lectura, por eso subsidiamos, como Gobierno, al ecosistema del mundo del libro, un beneficio para 10 librer\u00edas y editoriales que pueden sostener supuestos de trabajo, sus espacios culturales, para que el libro est\u00e9 accesible al 50%, con promoci\u00f3n en cuatro meses sin intereses de tarjeta Tuya, como tambi\u00e9n de tarjetas del Banco de la Naci\u00f3n. Hay una oferta diversa y plural de libros; en segundo lugar, invitamos a la familia porque la feria est\u00e1 pensada para todos los segmentos, para todas las edades, por la ma\u00f1ana, por la tarde, con talleres de promoci\u00f3n de la lectura, propuestas para escuelas primarias, secundarias, clubes de lectura, t\u00edteres y m\u00fasica para las infancias\u201d.<br \/>\n\u201cHay un protagonismo marcado de la juventud tambi\u00e9n. Quiero destacar que el s\u00e1bado tendremos la cuarta edici\u00f3n del Festival Internacional de Poes\u00eda a cargo de la gran curadora y poeta Claudia Masin; tambi\u00e9n tendremos al colectivo po\u00e9tico Charco con j\u00f3venes muy talentosos. Hoy viernes estaremos compartiendo la presentaci\u00f3n del premio en Poes\u00eda Alfredo Veirar\u00e9, y el premio de Novela Jos\u00e9 Chudnovsky con escritores y escritoras del Chaco premiados como corresponde por sus libros, pero tambi\u00e9n habr\u00e1 presentaciones de libros para todos los gustos\u201d, agreg\u00f3 Romero.<br \/>\nHomenajes<br \/>\nDos eventos destacados de hoy viernes, a las 19 y a las 20, ser\u00e1n el homenaje a Zitto Segovia y la posibilidad de ver el David, c\u00e9lebre gran escultura universal que podr\u00e1 visitarse en el taller de la Fundaci\u00f3n Urunday, por \u00fanica vez, donde yace la r\u00e9plica del David de Miguel \u00c1ngel, previo a su emplazamiento definitivo en nuestra ciudad.<br \/>\n\u201cZitto Segovia y Fabriciano G\u00f3mez fallecieron por distintas razones, por distintas causas, un 8 de septiembre, y un 8 de septiembre tambi\u00e9n Miguel \u00c1ngel conclu\u00eda 1504 el David; ser\u00e1 la \u00fanica oportunidad antes del emplazamiento de ver ese coloso de cinco metros escaneado con una impresora en 3D y hecho con un material que la har\u00e1 perdurable. Participar\u00e1n del homenaje art\u00edstico el Coro Oficial de Ni\u00f1os Cantores del Chaco, el Ballet Contempor\u00e1neo del Chaco, el Coro Polif\u00f3nico de Resistencia. Luego, a partir de las 21 horas, podremos tener una actuaci\u00f3n especial de nuestra Orquesta Sinf\u00f3nica con m\u00fasicos populares de la talla de Lucas Segovia: ser\u00e1 el Chaco Sinf\u00f3nico, un homenaje de nuestra orquesta y de Lucas a los grandes cantautores como Zitto\u201d, detall\u00f3 el presidente de Cultura.<br \/>\nBajo el lema \u201cLeer en democracia\u201d, la Feria es organizada por la Fundaci\u00f3n del Libro y la Cultura y el Gobierno de la Provincia del Chaco a trav\u00e9s del Instituto de Cultura (ICCH), junto a los ministerios de Educaci\u00f3n y de Planificaci\u00f3n, Econom\u00eda e Infraestructura, esta prestigiosa Feria celebra m\u00e1s de quince a\u00f1os de trayectoria.<br \/>\nChaco es la \u00fanica provincia del pa\u00eds que aplica la propuesta del libro a mitad de precio en un claro apoyo al fortalecimiento de las industrias culturales locales. De esta edici\u00f3n participan Librer\u00eda y Editorial De La Paz, Librer\u00eda y Papeler\u00eda Casa Garc\u00eda, Ediciones Paulinas, Librer\u00eda Las Ca\u00f1itas, Librer\u00eda El \u00c1rbol Amarillo, Editorial Eudene \u2013 Universidad Nacional del Nordeste, Editorial Literatura Tropical, Editorial Uncaus, Editorial y Librer\u00eda Contexto, y Milka Libros.<\/div>\n","protected":false},"excerpt":{"rendered":"<p>Hasta el domingo, en el Domo del Centenario de Resistencia, se vivir\u00e1n los \u00faltimos d\u00edas de esta exitosa propuesta cultural. Desde hoy viernes 8 y hasta el domingo 10 de septiembre, en el Domo del Centenario se vivir\u00e1n los \u00faltimos d\u00edas de la Feria Iberoamericana del Libro del Chaco (FILC) que este a\u00f1o ofrece libros [&hellip;]<\/p>\n","protected":false},"author":1,"featured_media":26711,"comment_status":"closed","ping_status":"closed","sticky":false,"template":"","format":"standard","meta":{"footnotes":""},"categories":[6],"tags":[],"class_list":{"0":"post-26710","1":"post","2":"type-post","3":"status-publish","4":"format-standard","5":"has-post-thumbnail","7":"category-chaco"},"_links":{"self":[{"href":"https:\/\/chacosintesis.com.ar\/index.php\/wp-json\/wp\/v2\/posts\/26710","targetHints":{"allow":["GET"]}}],"collection":[{"href":"https:\/\/chacosintesis.com.ar\/index.php\/wp-json\/wp\/v2\/posts"}],"about":[{"href":"https:\/\/chacosintesis.com.ar\/index.php\/wp-json\/wp\/v2\/types\/post"}],"author":[{"embeddable":true,"href":"https:\/\/chacosintesis.com.ar\/index.php\/wp-json\/wp\/v2\/users\/1"}],"replies":[{"embeddable":true,"href":"https:\/\/chacosintesis.com.ar\/index.php\/wp-json\/wp\/v2\/comments?post=26710"}],"version-history":[{"count":0,"href":"https:\/\/chacosintesis.com.ar\/index.php\/wp-json\/wp\/v2\/posts\/26710\/revisions"}],"wp:featuredmedia":[{"embeddable":true,"href":"https:\/\/chacosintesis.com.ar\/index.php\/wp-json\/wp\/v2\/media\/26711"}],"wp:attachment":[{"href":"https:\/\/chacosintesis.com.ar\/index.php\/wp-json\/wp\/v2\/media?parent=26710"}],"wp:term":[{"taxonomy":"category","embeddable":true,"href":"https:\/\/chacosintesis.com.ar\/index.php\/wp-json\/wp\/v2\/categories?post=26710"},{"taxonomy":"post_tag","embeddable":true,"href":"https:\/\/chacosintesis.com.ar\/index.php\/wp-json\/wp\/v2\/tags?post=26710"}],"curies":[{"name":"wp","href":"https:\/\/api.w.org\/{rel}","templated":true}]}}