{"id":26708,"date":"2023-09-08T16:38:19","date_gmt":"2023-09-08T19:38:19","guid":{"rendered":"https:\/\/chacosintesis.com.ar\/?p=26708"},"modified":"2023-09-08T17:06:45","modified_gmt":"2023-09-08T20:06:45","slug":"dario-gomez-y-silvina-canteros-son-las-nuevas-autoridades-del-comite-para-la-prevencion-de-la-tortura","status":"publish","type":"post","link":"https:\/\/chacosintesis.com.ar\/index.php\/dario-gomez-y-silvina-canteros-son-las-nuevas-autoridades-del-comite-para-la-prevencion-de-la-tortura\/","title":{"rendered":"Dar\u00edo G\u00f3mez y Silvina Canteros son las nuevas autoridades del Comit\u00e9 para la Prevenci\u00f3n de la Tortura"},"content":{"rendered":"<div class=\"postie-post\">En el marco de la renovaci\u00f3n anual de autoridades prevista en el reglamento interno del organismo, Dar\u00edo G\u00f3mez y Silvina Canteros, fueron electos nuevos presidente y vice del Comit\u00e9 para la Prevenci\u00f3n de la Tortura del Chaco. Elegido por unanimidad por el resto de los comisionados, G\u00f3mez reemplaza a Kevin Nielsen, quien se desempe\u00f1\u00f3 durante el per\u00edodo 2022\/2023.<br \/>\n\u201cEs importante resaltar que somos un equipo de gesti\u00f3n que concursamos y estamos en el tercer cambio de presidencia, pero que tenemos un plan com\u00fan acordado y que lo estamos llevando adelante de manera consensuada y colectiva\u201d, expres\u00f3 G\u00f3mez.<br \/>\nEn este sentido, indic\u00f3 que la agenda que lleva adelante el comit\u00e9 en su conjunto es que la tarea de prevenir y erradicar la tortura, los malos tratos y hostigamientos sea parte de una pol\u00edtica transversal del Estado y no un trabajo aislado de un organismo.<br \/>\n\u201cNo sirve que existan uno o dos organismos espec\u00edficos de Derechos Humanos si el Estado no incorpora esa mirada. Porque vamos a vivir haciendo denuncias, pero para que realmente se erradique la violencia institucional debe ser una tarea de todos\u201d, remarc\u00f3.<br \/>\nAdem\u00e1s de continuar con las tareas de monitoreo en comisar\u00edas y en unidades del Servicio Penitenciario, adelant\u00f3 que se avanzar\u00e1 y consolidar\u00e1n las visitas a las residencias de adultos mayores, en los espacios convivenciales alternativos, dispositivos de salud mental y consumo problem\u00e1tico. A su vez se trabajar\u00e1 en algo relativamente novedoso que es las intervenciones en casos de hostigamientos y malos tratos en la v\u00eda p\u00fablica.<br \/>\nFinalmente, destac\u00f3 que se continuar\u00e1 con la labor del \u00e1rea de intervenci\u00f3n temprana la cual funciona desde hace casi dos a\u00f1os de manera telef\u00f3nica, las 24 horas, durante los 365 d\u00edas y se dedica a atender denuncias, reclamos y demandas de personas privadas de la libertad y sus familiares, y que desde su creaci\u00f3n ha atendido m\u00e1s de 2.150 casos.<\/div>\n","protected":false},"excerpt":{"rendered":"<p>En el marco de la renovaci\u00f3n anual de autoridades prevista en el reglamento interno del organismo, Dar\u00edo G\u00f3mez y Silvina Canteros, fueron electos nuevos presidente y vice del Comit\u00e9 para la Prevenci\u00f3n de la Tortura del Chaco. Elegido por unanimidad por el resto de los comisionados, G\u00f3mez reemplaza a Kevin Nielsen, quien se desempe\u00f1\u00f3 durante [&hellip;]<\/p>\n","protected":false},"author":1,"featured_media":26709,"comment_status":"closed","ping_status":"closed","sticky":false,"template":"","format":"standard","meta":{"footnotes":""},"categories":[6],"tags":[],"class_list":{"0":"post-26708","1":"post","2":"type-post","3":"status-publish","4":"format-standard","5":"has-post-thumbnail","7":"category-chaco"},"_links":{"self":[{"href":"https:\/\/chacosintesis.com.ar\/index.php\/wp-json\/wp\/v2\/posts\/26708","targetHints":{"allow":["GET"]}}],"collection":[{"href":"https:\/\/chacosintesis.com.ar\/index.php\/wp-json\/wp\/v2\/posts"}],"about":[{"href":"https:\/\/chacosintesis.com.ar\/index.php\/wp-json\/wp\/v2\/types\/post"}],"author":[{"embeddable":true,"href":"https:\/\/chacosintesis.com.ar\/index.php\/wp-json\/wp\/v2\/users\/1"}],"replies":[{"embeddable":true,"href":"https:\/\/chacosintesis.com.ar\/index.php\/wp-json\/wp\/v2\/comments?post=26708"}],"version-history":[{"count":0,"href":"https:\/\/chacosintesis.com.ar\/index.php\/wp-json\/wp\/v2\/posts\/26708\/revisions"}],"wp:featuredmedia":[{"embeddable":true,"href":"https:\/\/chacosintesis.com.ar\/index.php\/wp-json\/wp\/v2\/media\/26709"}],"wp:attachment":[{"href":"https:\/\/chacosintesis.com.ar\/index.php\/wp-json\/wp\/v2\/media?parent=26708"}],"wp:term":[{"taxonomy":"category","embeddable":true,"href":"https:\/\/chacosintesis.com.ar\/index.php\/wp-json\/wp\/v2\/categories?post=26708"},{"taxonomy":"post_tag","embeddable":true,"href":"https:\/\/chacosintesis.com.ar\/index.php\/wp-json\/wp\/v2\/tags?post=26708"}],"curies":[{"name":"wp","href":"https:\/\/api.w.org\/{rel}","templated":true}]}}