{"id":26701,"date":"2023-09-08T16:30:07","date_gmt":"2023-09-08T19:30:07","guid":{"rendered":"https:\/\/chacosintesis.com.ar\/?p=26701"},"modified":"2023-09-08T16:37:33","modified_gmt":"2023-09-08T19:37:33","slug":"fundacion-urunday-abre-su-taller-para-mostrar-el-david-de-miguel-angel","status":"publish","type":"post","link":"https:\/\/chacosintesis.com.ar\/index.php\/fundacion-urunday-abre-su-taller-para-mostrar-el-david-de-miguel-angel\/","title":{"rendered":"Fundaci\u00f3n Urunday abre su taller para mostrar el David de Miguel \u00c1ngel"},"content":{"rendered":"<div class=\"postie-post\">Esta noche, a las 20,  abre las puertas el taller para que la comunidad conozca el David de Miguel \u00c1ngel que pr\u00f3ximamente ser\u00e1 emplazado en el coraz\u00f3n del predio. En el evento se realizar\u00e1 la performance &#8220;Ensue\u00f1os&#8221;.<br \/>\nHoy a las 20, en el marco de la Feria Iberoamericana del Libro Chaco (FILC), la Fundaci\u00f3n Urunday abre las puertas del taller para que la comunidad conozca el David de Miguel \u00c1ngel que pr\u00f3ximamente ser\u00e1 emplazado en el coraz\u00f3n del predio para recibir a los escultores de la Bienal 2024. Esta actividad forma parte del homenaje a Fabriciano -al cumplirse el segundo aniversario del fallecimiento- que realiza la FILC.<br \/>\nEn la oportunidad, se realizar\u00e1 la performance &#8220;Ensue\u00f1os&#8221; -espect\u00e1culo con aires renacentista y contempor\u00e1neo- que contar\u00e1 con la participaci\u00f3n del Coro Ni\u00f1os Cantores del Chaco, el Ballet Contempor\u00e1neo del Chaco y el Coro Polif\u00f3nico de Resistencia.<br \/>\nTaller Abierto<br \/>\nJosese Eidman -presidente de la prestigiosa instituci\u00f3n cultural- comenta: \u201cInvitamos a la comunidad que venga a conocer el David antes de ser emplazado, es una oportunidad \u00fanica que nos permite estar cerca de una obra, rodearla y admirarla como no sucede en ning\u00fan lugar del mundo\u201d.  Respecto a la fecha, se\u00f1ala: \u201cAbrir las puertas del taller para contemplar el David yacente es la mejor manera de tener presente a Fabriciano y compartir ese esp\u00edritu de acercar el mundo a Resistencia que supo inculcarnos con pasi\u00f3n\u201d, afirma Josese Eidman con evidente emoci\u00f3n de continuar el legado del entra\u00f1able artista chaque\u00f1o. Finalmente, el referente urunday precisa: \u201cEstamos muy emocionados por cumplir un objetivo m\u00e1s de nuestro compromiso institucional. La llegada de David marca una importante p\u00e1gina de la cultura del Chaco y hoy tenemos el privilegio de ser protagonistas de este momento hist\u00f3rico.<br \/>\nLa llegada de la r\u00e9plica del David de Miguel \u00c1ngel pone a Resistencia, al Chaco y al pa\u00eds a la vanguardia en el uso de tecnolog\u00edas innovadoras aplicadas al arte. Esta obra cumbre del arte universal viene a dialogar con el caudal de renombrados escultores argentinos que forman parte del museo al aire libre de Resistencia y tambi\u00e9n compartir\u00e1 sala junto a los principales referentes internacionales de la disciplina que aportan las sucesivas bienales\u201d, se\u00f1al\u00f3 Eidman.<br \/>\nEl David de Resistencia<br \/>\nEs importante resaltar algunas caracter\u00edsticas de esta obra que se emplazar\u00e1 en Resistencia, la Ciudad de las Esculturas y viene a convivir con los habitantes y visitantes de la capital chaque\u00f1a:<br \/>\n&#8211; Est\u00e1 realizada a partir de la aplicaci\u00f3n de tecnolog\u00eda 3D: un escaneo de alta resoluci\u00f3n genera el \u201cgemelo digital\u201d de la obra, luego se imprimi\u00f3 su molde, se hizo el vaciado con materiales y finalmente se obtuvo la r\u00e9plica en tama\u00f1o natural.<br \/>\n&#8211; Su presencia en la ciudad enriquecer\u00e1 nuestro patrimonio cultural y art\u00edstico ya que representa una muestra \u00fanica del talento y la creatividad de uno de los artistas m\u00e1s importantes de la historia. Su emplazamiento contribuye a consolidar el posicionamiento internacional de nuestra \u201cCiudad Museo\u201d.<br \/>\n&#8211; El calco chaque\u00f1o ser\u00eda la \u00fanica escultura del David ubicada a cielo abierto en el espacio p\u00fablico argentino. Esto implica tambi\u00e9n, promover la democratizaci\u00f3n y federalizaci\u00f3n del acceso a un bien cultural del patrimonio nacional y universal; una escultura que replica con validaci\u00f3n de original a la obra cumbre del renacimiento italiano.<br \/>\n&#8211; Esta escultura ser\u00e1 una nueva herramienta con un potencial tur\u00edstico sin l\u00edmites. La fama y el prestigio del &#8220;David&#8221; atraer\u00e1n turistas y visitantes a la ciudad, lo que tendr\u00e1 un impacto positivo en la econom\u00eda local.<br \/>\n&#8211; La belleza y la perfecci\u00f3n de esta obra ser\u00e1n fuente de inspiraci\u00f3n, promoviendo valores como la excelencia, la creatividad y la perseverancia.<br \/>\n&#8211; Se trata de la primera y la \u00fanica reproducci\u00f3n autorizada por la Universidad Nacional de las Artes; cuyo entendimiento con la Fundaci\u00f3n Urunday pudo hacer germinar este proyecto.<br \/>\nMir\u00e1 la agenda completa de la Feria Iberoamericana del Libro Chaco 2023 en: <a href=\"http:\/\/www.filchaco.com.ar\">www.filchaco.com.ar<\/a><\/div>\n","protected":false},"excerpt":{"rendered":"<p>Esta noche, a las 20, abre las puertas el taller para que la comunidad conozca el David de Miguel \u00c1ngel que pr\u00f3ximamente ser\u00e1 emplazado en el coraz\u00f3n del predio. En el evento se realizar\u00e1 la performance &#8220;Ensue\u00f1os&#8221;. Hoy a las 20, en el marco de la Feria Iberoamericana del Libro Chaco (FILC), la Fundaci\u00f3n Urunday [&hellip;]<\/p>\n","protected":false},"author":1,"featured_media":26702,"comment_status":"closed","ping_status":"closed","sticky":false,"template":"","format":"standard","meta":{"footnotes":""},"categories":[6],"tags":[],"class_list":{"0":"post-26701","1":"post","2":"type-post","3":"status-publish","4":"format-standard","5":"has-post-thumbnail","7":"category-chaco"},"_links":{"self":[{"href":"https:\/\/chacosintesis.com.ar\/index.php\/wp-json\/wp\/v2\/posts\/26701","targetHints":{"allow":["GET"]}}],"collection":[{"href":"https:\/\/chacosintesis.com.ar\/index.php\/wp-json\/wp\/v2\/posts"}],"about":[{"href":"https:\/\/chacosintesis.com.ar\/index.php\/wp-json\/wp\/v2\/types\/post"}],"author":[{"embeddable":true,"href":"https:\/\/chacosintesis.com.ar\/index.php\/wp-json\/wp\/v2\/users\/1"}],"replies":[{"embeddable":true,"href":"https:\/\/chacosintesis.com.ar\/index.php\/wp-json\/wp\/v2\/comments?post=26701"}],"version-history":[{"count":0,"href":"https:\/\/chacosintesis.com.ar\/index.php\/wp-json\/wp\/v2\/posts\/26701\/revisions"}],"wp:featuredmedia":[{"embeddable":true,"href":"https:\/\/chacosintesis.com.ar\/index.php\/wp-json\/wp\/v2\/media\/26702"}],"wp:attachment":[{"href":"https:\/\/chacosintesis.com.ar\/index.php\/wp-json\/wp\/v2\/media?parent=26701"}],"wp:term":[{"taxonomy":"category","embeddable":true,"href":"https:\/\/chacosintesis.com.ar\/index.php\/wp-json\/wp\/v2\/categories?post=26701"},{"taxonomy":"post_tag","embeddable":true,"href":"https:\/\/chacosintesis.com.ar\/index.php\/wp-json\/wp\/v2\/tags?post=26701"}],"curies":[{"name":"wp","href":"https:\/\/api.w.org\/{rel}","templated":true}]}}