{"id":26695,"date":"2023-09-08T16:24:34","date_gmt":"2023-09-08T19:24:34","guid":{"rendered":"https:\/\/chacosintesis.com.ar\/?p=26695"},"modified":"2023-09-08T16:37:19","modified_gmt":"2023-09-08T19:37:19","slug":"dos-jornadas-para-vivir-la-feria-de-artesania-indigena-chaquena-en-quitilipi","status":"publish","type":"post","link":"https:\/\/chacosintesis.com.ar\/index.php\/dos-jornadas-para-vivir-la-feria-de-artesania-indigena-chaquena-en-quitilipi\/","title":{"rendered":"Dos jornadas para vivir la Feria de Artesan\u00eda Ind\u00edgena Chaque\u00f1a en Quitilipi"},"content":{"rendered":"<div class=\"postie-post\">S\u00e1bado 9 y domingo 10 de septiembre en el Predio \u201cSanta Pino Fern\u00e1ndez\u201d.<br \/>\nLa 46\u00aa Feria de Artesan\u00eda Ind\u00edgena Chaque\u00f1a y 12\u00aa Fiesta Nacional del Arte Ind\u00edgena se desarrollar\u00e1 el s\u00e1bado 9 y domingo 10 de septiembre en el Predio \u201cSanta Pino Fern\u00e1ndez\u201d de Quitilipi. El Museo Artesanal \u201cRen\u00e9 James Sotelo\u201d organiza este emblem\u00e1tico encuentro con apoyo del Instituto de Cultura del Chaco, Ministerio de Cultura de la Naci\u00f3n y Municipalidad de Quitilipi.<br \/>\nCon una extensa historia, el evento posiciona a artesanos y artesanas chaque\u00f1os en la escena nacional. A esta edici\u00f3n est\u00e1n invitados 130 artesanos y artesanas originarias de las localidades de Colonia Aborigen (Quitilipi), S\u00e1enz Pe\u00f1a, Sauzalito, Miraflores, Pampa del Indio, San Bernardo, General Pinedo, Misi\u00f3n Nueva Pompeya, Villa \u00c1ngela, Charata, Villa Berthet, Juan Jos\u00e9 Castelli, Miraflores, El Espinillo, Resistencia, La Tigra, Tres Isletas, Fort\u00edn Lavalle, Villa R\u00edo Bermejito, Comandancia Fr\u00edas, La Matanza (Quitilipi), Fontana e invitados especiales de Jujuy, Formosa y Misiones.<br \/>\nLa Asociaci\u00f3n Amigos del Aborigen (A.A.D.A.), fundada el 30 de noviembre de 1968 en adhesi\u00f3n al 44\u00ba aniversario de la localidad de Quitilipi, organiz\u00f3 la 1era. Feria de Artesan\u00edas Abor\u00edgenes. Ren\u00e9 James Sotelo, reconocido luchador por los derechos de los pueblos ind\u00edgenas, encabez\u00f3 la comisi\u00f3n y fue el principal propulsor de la Feria, convencido que el desarrollo, s\u00f3lo pod\u00eda darse si era protagonizado por las mismas comunidades.<br \/>\nLa Feria se edita anualmente hasta su fallecimiento en 1980 y con ello se postergaba su principal objetivo, el de revitalizar saberes, t\u00e9cnicas ancestrales y poner en valor las artesan\u00edas ind\u00edgenas que materializan cosmovisiones patrimoniales de nuestros pueblos. Tras una pausa hasta 1989, comienza a reeditarse la Feria y Quitilipi ya no es solo la sede sino lugar de encuentros e historias de todo el pueblo chaque\u00f1o, siguiendo la visi\u00f3n de Ren\u00e9 James Sotelo, que afirmaba que el artesano ind\u00edgena es el protagonista principal de su desarrollo sociocultural.<br \/>\nLos frutos de la Feria son reconocidos en Ferias de todo el pa\u00eds y de pa\u00edses vecinos. Cada edici\u00f3n es la m\u00e1s grande expresi\u00f3n art\u00edstica comunitaria y colectiva de nuestros pueblos ind\u00edgenas que se niegan a ser olvidados o excluidos de esta sociedad de la que son parte y exigen los espacios de participaci\u00f3n y decisi\u00f3n que les corresponde.<br \/>\nCon este objetivo y tambi\u00e9n con los de contribuir al fortalecimiento de la cadena de valor de las artesan\u00edas ind\u00edgenas chaque\u00f1as, y al reconocimiento social, art\u00edstico y patrimonial de las y los maestros\/as por su valioso aporte en el quehacer cultural de la provincia, se desarrollan propuestas en el tradicional Foro de la Feria, donde los y las participantes, intercambian y contrastan opiniones sobre log\u00edstica del evento, ponderaci\u00f3n de premios y reconocimientos e innovaciones en materias primas, entre otras.<\/div>\n","protected":false},"excerpt":{"rendered":"<p>S\u00e1bado 9 y domingo 10 de septiembre en el Predio \u201cSanta Pino Fern\u00e1ndez\u201d. La 46\u00aa Feria de Artesan\u00eda Ind\u00edgena Chaque\u00f1a y 12\u00aa Fiesta Nacional del Arte Ind\u00edgena se desarrollar\u00e1 el s\u00e1bado 9 y domingo 10 de septiembre en el Predio \u201cSanta Pino Fern\u00e1ndez\u201d de Quitilipi. El Museo Artesanal \u201cRen\u00e9 James Sotelo\u201d organiza este emblem\u00e1tico encuentro [&hellip;]<\/p>\n","protected":false},"author":1,"featured_media":26696,"comment_status":"closed","ping_status":"closed","sticky":false,"template":"","format":"standard","meta":{"footnotes":""},"categories":[6],"tags":[],"class_list":{"0":"post-26695","1":"post","2":"type-post","3":"status-publish","4":"format-standard","5":"has-post-thumbnail","7":"category-chaco"},"_links":{"self":[{"href":"https:\/\/chacosintesis.com.ar\/index.php\/wp-json\/wp\/v2\/posts\/26695","targetHints":{"allow":["GET"]}}],"collection":[{"href":"https:\/\/chacosintesis.com.ar\/index.php\/wp-json\/wp\/v2\/posts"}],"about":[{"href":"https:\/\/chacosintesis.com.ar\/index.php\/wp-json\/wp\/v2\/types\/post"}],"author":[{"embeddable":true,"href":"https:\/\/chacosintesis.com.ar\/index.php\/wp-json\/wp\/v2\/users\/1"}],"replies":[{"embeddable":true,"href":"https:\/\/chacosintesis.com.ar\/index.php\/wp-json\/wp\/v2\/comments?post=26695"}],"version-history":[{"count":0,"href":"https:\/\/chacosintesis.com.ar\/index.php\/wp-json\/wp\/v2\/posts\/26695\/revisions"}],"wp:featuredmedia":[{"embeddable":true,"href":"https:\/\/chacosintesis.com.ar\/index.php\/wp-json\/wp\/v2\/media\/26696"}],"wp:attachment":[{"href":"https:\/\/chacosintesis.com.ar\/index.php\/wp-json\/wp\/v2\/media?parent=26695"}],"wp:term":[{"taxonomy":"category","embeddable":true,"href":"https:\/\/chacosintesis.com.ar\/index.php\/wp-json\/wp\/v2\/categories?post=26695"},{"taxonomy":"post_tag","embeddable":true,"href":"https:\/\/chacosintesis.com.ar\/index.php\/wp-json\/wp\/v2\/tags?post=26695"}],"curies":[{"name":"wp","href":"https:\/\/api.w.org\/{rel}","templated":true}]}}