{"id":26685,"date":"2023-09-08T16:10:34","date_gmt":"2023-09-08T19:10:34","guid":{"rendered":"https:\/\/chacosintesis.com.ar\/?p=26685"},"modified":"2023-09-08T16:36:55","modified_gmt":"2023-09-08T19:36:55","slug":"los-mercados-populares-estaran-este-sabado-en-la-plaza-de-la-integracion","status":"publish","type":"post","link":"https:\/\/chacosintesis.com.ar\/index.php\/los-mercados-populares-estaran-este-sabado-en-la-plaza-de-la-integracion\/","title":{"rendered":"Los Mercados Populares estar\u00e1n este s\u00e1bado en la Plaza de la Integraci\u00f3n"},"content":{"rendered":"<div class=\"postie-post\">Se podr\u00e1n adquirir a precios justos, alimentos frescos de distintas producciones y artesan\u00edas realizadas por emprendedoras, emprendedores y unidades productivas chaque\u00f1as. Compartir Twittear Correo electr\u00f3nico Compartir<br \/>\nEl Ministerio de Desarrollo Social recuerda que este s\u00e1bado 9 de septiembre el operativo de Mercados Populares se desarrollar\u00e1, de 9 a 13, en Plaza de la Integraci\u00f3n, en la intersecci\u00f3n de Avenidas 9 de Julio y Espa\u00f1a) de Resistencia. De esta manera el gobierno provincial promueve la comercializaci\u00f3n de alimentos y de variados productos de calidad, 100% chaque\u00f1os y a precios justos.<br \/>\nQuienes se acerquen podr\u00e1n adquirir distintos tipos de cortes de carnes, pescados, panificados, verduras, huevos, l\u00e1cteos, conservas, hasta distintas artesan\u00edas y producciones realizadas por emprendedores locales y unidades productivas.<br \/>\nPara facilitar el acceso a los Mercados Populares, la Subsecretar\u00eda de Transporte dispuso el traslado gratuito en las unidades identificadas de las l\u00edneas de colectivos 110, 106 A y B, el s\u00e1bado a Plaza de la Integraci\u00f3n, en los horarios de las 9 y las 12.30.<br \/>\nFortalecer producciones chaque\u00f1as<br \/>\nEl Ministerio de Desarrollo Social junto al Instituto de Agricultura Familiar y Econom\u00eda Popular del Chaco (IAFEP), articulan permanentemente con municipios de toda la provincia, a fin de posibilitar m\u00e1s oportunidades de producci\u00f3n, elaboraci\u00f3n y comercializaci\u00f3n de productos chaque\u00f1os de primera calidad, sin intermediaci\u00f3n y a precios justos, buscando garantizar acompa\u00f1amiento integral a familias emprendedoras y a unidades productivas, generando espacios adecuados y mayores posibilidades de ventas en mercados y almacenes populares.<br \/>\nSumar emprendedores<br \/>\nLas y los emprendedores interesados en participar de los Mercados Populares, deben ingresar a <a href=\"https:\/\/emprendemos.chaco.gob.ar\/\">emprendemos.chaco.gob.ar\/<\/a>, o bien acercarse a los municipios adheridos.<br \/>\nEn Resistencia deben dirigirse a avenida San Mart\u00edn 266, sede de la Unidad Ejecutora de Pol\u00edticas Sociales, comunicarse por tel\u00e9fono al 362-4742371, o bien por correo electr\u00f3nico a <a href=\"mailto:emprendemostodos@chaco.gob.ar\">emprendemostodos@chaco.gob.ar<\/a>.<\/div>\n","protected":false},"excerpt":{"rendered":"<p>Se podr\u00e1n adquirir a precios justos, alimentos frescos de distintas producciones y artesan\u00edas realizadas por emprendedoras, emprendedores y unidades productivas chaque\u00f1as. Compartir Twittear Correo electr\u00f3nico Compartir El Ministerio de Desarrollo Social recuerda que este s\u00e1bado 9 de septiembre el operativo de Mercados Populares se desarrollar\u00e1, de 9 a 13, en Plaza de la Integraci\u00f3n, en [&hellip;]<\/p>\n","protected":false},"author":1,"featured_media":26686,"comment_status":"closed","ping_status":"closed","sticky":false,"template":"","format":"standard","meta":{"footnotes":""},"categories":[6],"tags":[],"class_list":{"0":"post-26685","1":"post","2":"type-post","3":"status-publish","4":"format-standard","5":"has-post-thumbnail","7":"category-chaco"},"_links":{"self":[{"href":"https:\/\/chacosintesis.com.ar\/index.php\/wp-json\/wp\/v2\/posts\/26685","targetHints":{"allow":["GET"]}}],"collection":[{"href":"https:\/\/chacosintesis.com.ar\/index.php\/wp-json\/wp\/v2\/posts"}],"about":[{"href":"https:\/\/chacosintesis.com.ar\/index.php\/wp-json\/wp\/v2\/types\/post"}],"author":[{"embeddable":true,"href":"https:\/\/chacosintesis.com.ar\/index.php\/wp-json\/wp\/v2\/users\/1"}],"replies":[{"embeddable":true,"href":"https:\/\/chacosintesis.com.ar\/index.php\/wp-json\/wp\/v2\/comments?post=26685"}],"version-history":[{"count":0,"href":"https:\/\/chacosintesis.com.ar\/index.php\/wp-json\/wp\/v2\/posts\/26685\/revisions"}],"wp:featuredmedia":[{"embeddable":true,"href":"https:\/\/chacosintesis.com.ar\/index.php\/wp-json\/wp\/v2\/media\/26686"}],"wp:attachment":[{"href":"https:\/\/chacosintesis.com.ar\/index.php\/wp-json\/wp\/v2\/media?parent=26685"}],"wp:term":[{"taxonomy":"category","embeddable":true,"href":"https:\/\/chacosintesis.com.ar\/index.php\/wp-json\/wp\/v2\/categories?post=26685"},{"taxonomy":"post_tag","embeddable":true,"href":"https:\/\/chacosintesis.com.ar\/index.php\/wp-json\/wp\/v2\/tags?post=26685"}],"curies":[{"name":"wp","href":"https:\/\/api.w.org\/{rel}","templated":true}]}}