{"id":26677,"date":"2023-09-08T16:01:15","date_gmt":"2023-09-08T19:01:15","guid":{"rendered":"https:\/\/chacosintesis.com.ar\/?p=26677"},"modified":"2023-09-08T16:08:32","modified_gmt":"2023-09-08T19:08:32","slug":"el-centro-ana-frank-premiara-a-los-estudiantes-ganadores-de-su-concurso-literario","status":"publish","type":"post","link":"https:\/\/chacosintesis.com.ar\/index.php\/el-centro-ana-frank-premiara-a-los-estudiantes-ganadores-de-su-concurso-literario\/","title":{"rendered":"El Centro Ana Frank premiar\u00e1 a los estudiantes ganadores de su concurso literario"},"content":{"rendered":"<div class=\"postie-post\">Alumnos de distintas provincias, entre ellas el Chaco, recibir\u00e1n los premios del 15\u00b0 Concurso Literario  entregados por el Centro  Ana Frank para Am\u00e9rica Latina.<br \/>\nEl Centro Ana Frank para Am\u00e9rica Latina entregar\u00e1 en la Legislatura porte\u00f1a los premios del 15\u00b0 Concurso Literario De Ana Frank, a estudiantes de distintas provincias del pa\u00eds que escribieron sobre temas vinculados a la vida de Ana Frank, el nazismo, la dictadura militar en Argentina y los Derechos Humanos en la actualidad, la convivencia en la diversidad, la discriminaci\u00f3n y la violencia.<br \/>\nAlumnos de C\u00f3rdoba, Chaco, Tucum\u00e1n, Buenos Aires, Santa Fe, Santiago del Estero, Entre R\u00edos, San Juan y Corrientes llegar\u00e1n a la Ciudad de Buenos Aires para recibir el reconocimiento en la Legislatura junto a sus docentes.<br \/>\nLos ganadores recibir\u00e1n, adem\u00e1s, libros editados por Eudeba, los Programas Educaci\u00f3n y Memoria de la Ciudad de Buenos Aires y de la Naci\u00f3n. Entre estas publicaciones, destaca el cuaderno para docentes &#8220;Las abuelas nos cuentan&#8221;, producido con el apoyo de Abuelas de Plaza de Mayo.<br \/>\nEl acto contar\u00e1 con la presencia del jurado, integrado por educadores, intelectuales y activistas de varios puntos de Argentina, que leyeron y evaluaron los trabajos de los estudiantes de forma cr\u00edtica.<br \/>\nEntre ellos, Pablo Vassel, abogado y especialista en Derechos Humanos; Pamela Malewicz, subsecretaria de Derechos Humanos y Pluralismo Cultural de CABA; Ariel Dorfman, activista de diversidad y parte del equipo INADI; Anabel Machado, secretaria de Derechos Humanos de APOC; Carolina Cer\u00f1era, docente y psicopedagoga; Leonardo F\u00e9lix, director de ALC noticias; Enrique Silva Torres, del Centro de Di\u00e1logo Intercultural ALBA y Jos\u00e9 Luis D\u00b4 Amico,<br \/>\nLuego del acto, el s\u00e1bado, los estudiantes ganadores participar\u00e1n de un seminario en el Centro Ana Frank, que incluir\u00e1 talleres para desarrollar proyectos de investigaci\u00f3n, con contenidos sobre g\u00e9nero, discapacidad, violencia en la escuela y escritura. Los proyectos generados por los estudiantes se volver\u00e1n a evaluar con la posibilidad de ganar un viaje a Pa\u00edses Bajos, para conocer la historia de Ana y su familia.<br \/>\nEl Centro Ana Frank organiza concursos literarios desde su fundaci\u00f3n, en el a\u00f1o 2009, y lleva adelante tambi\u00e9n diversidad de propuestas de lectura y escritura, destinadas a j\u00f3venes y docentes.<\/div>\n","protected":false},"excerpt":{"rendered":"<p>Alumnos de distintas provincias, entre ellas el Chaco, recibir\u00e1n los premios del 15\u00b0 Concurso Literario entregados por el Centro Ana Frank para Am\u00e9rica Latina. El Centro Ana Frank para Am\u00e9rica Latina entregar\u00e1 en la Legislatura porte\u00f1a los premios del 15\u00b0 Concurso Literario De Ana Frank, a estudiantes de distintas provincias del pa\u00eds que escribieron sobre [&hellip;]<\/p>\n","protected":false},"author":1,"featured_media":26678,"comment_status":"closed","ping_status":"closed","sticky":false,"template":"","format":"standard","meta":{"footnotes":""},"categories":[6],"tags":[],"class_list":{"0":"post-26677","1":"post","2":"type-post","3":"status-publish","4":"format-standard","5":"has-post-thumbnail","7":"category-chaco"},"_links":{"self":[{"href":"https:\/\/chacosintesis.com.ar\/index.php\/wp-json\/wp\/v2\/posts\/26677","targetHints":{"allow":["GET"]}}],"collection":[{"href":"https:\/\/chacosintesis.com.ar\/index.php\/wp-json\/wp\/v2\/posts"}],"about":[{"href":"https:\/\/chacosintesis.com.ar\/index.php\/wp-json\/wp\/v2\/types\/post"}],"author":[{"embeddable":true,"href":"https:\/\/chacosintesis.com.ar\/index.php\/wp-json\/wp\/v2\/users\/1"}],"replies":[{"embeddable":true,"href":"https:\/\/chacosintesis.com.ar\/index.php\/wp-json\/wp\/v2\/comments?post=26677"}],"version-history":[{"count":0,"href":"https:\/\/chacosintesis.com.ar\/index.php\/wp-json\/wp\/v2\/posts\/26677\/revisions"}],"wp:featuredmedia":[{"embeddable":true,"href":"https:\/\/chacosintesis.com.ar\/index.php\/wp-json\/wp\/v2\/media\/26678"}],"wp:attachment":[{"href":"https:\/\/chacosintesis.com.ar\/index.php\/wp-json\/wp\/v2\/media?parent=26677"}],"wp:term":[{"taxonomy":"category","embeddable":true,"href":"https:\/\/chacosintesis.com.ar\/index.php\/wp-json\/wp\/v2\/categories?post=26677"},{"taxonomy":"post_tag","embeddable":true,"href":"https:\/\/chacosintesis.com.ar\/index.php\/wp-json\/wp\/v2\/tags?post=26677"}],"curies":[{"name":"wp","href":"https:\/\/api.w.org\/{rel}","templated":true}]}}