{"id":26669,"date":"2023-09-08T15:51:23","date_gmt":"2023-09-08T18:51:23","guid":{"rendered":"https:\/\/chacosintesis.com.ar\/?p=26669"},"modified":"2023-09-08T16:08:12","modified_gmt":"2023-09-08T19:08:12","slug":"osuna-es-una-agenda-de-actividades-para-seguir-construyendo-y-reconstruyendo-memoria","status":"publish","type":"post","link":"https:\/\/chacosintesis.com.ar\/index.php\/osuna-es-una-agenda-de-actividades-para-seguir-construyendo-y-reconstruyendo-memoria\/","title":{"rendered":"Osuna: \u201cEs una agenda de actividades para seguir construyendo y reconstruyendo memoria\u201d"},"content":{"rendered":"<div class=\"postie-post\">En el marco del D\u00eda del Testigo de Lesa Humanidad, se realizar\u00e1 hoy un encuentro desde las 18:30 en el Museo de la Casa por la Memoria (Marcelo T. Alvear 32). Santiago Osuna, presidente de la Comisi\u00f3n Provincial de la Memoria y Rub\u00e9n L\u00f3pez, hijo de Jorge Julio L\u00f3pez, dialogaron con Radio Provincia del Chaco sobre este encuentro y reflexionaron acerca del tema. \u201cEs una agenda de actividades para poder seguir construyendo y reconstruyendo memoria\u201d, expresaron.<br \/>\n\u201cEl encuentro tiene por objetivo poner en valor este rol hist\u00f3rico de los sobrevivientes en los juicios de lesa humanidad\u201d, expres\u00f3 Osuna. Asimismo, coment\u00f3 que habr\u00e1 dos paneles, de los cuales uno estar\u00e1 conformado por sobrevivientes y otro donde estar\u00e1n el fiscal Diego Vigay y Silvana P\u00e9rez, secretaria de Derechos Humanos y G\u00e9neros del Chaco. \u201cLa intenci\u00f3n es encontrarnos y debatir sobre la importancia de los juicios y el testimonio\u201d, agreg\u00f3.<br \/>\nAsimismo, Osuna manifest\u00f3 que todas las actividades que realizan tienen la finalidad de \u201cgenerar conciencia sobre la democracia\u201d y de \u201cseguir pensando en c\u00f3mo ampliar derechos en la actualidad\u201d. \u201cNosotros buscamos poner en valor y reivindicar la lucha y la militancia de una generaci\u00f3n diezmada, pensar e inculcar en nuestra sociedad una idea y un sue\u00f1o de un pa\u00eds m\u00e1s justo, con mayor igualdad, donde tengan el derecho a ir a educarse y donde tengan el derecho a ser felices\u201d, cerr\u00f3 la invitaci\u00f3n el presidente de la Comisi\u00f3n Provincial de la Memoria.<br \/>\nPor su parte, Rub\u00e9n L\u00f3pez destac\u00f3 la importancia de este tipo de actividades para las generaciones futuras y reflexion\u00f3 sobre la importancia de hacer memoria ante \u201cla etapa m\u00e1s oscura y m\u00e1s dif\u00edcil de la historia argentina\u201d. \u201cEl testimonio de Julio L\u00f3pez fue clave para lograr esa primera condena a Miguel Etchecolatz\u201d, expres\u00f3, y agreg\u00f3: \u201cSe valor\u00f3 mucho m\u00e1s despu\u00e9s con la segunda desaparici\u00f3n, pero es importante todos los testimonios, todos los juicios\u201d. No obstante, destac\u00f3 que \u201chubo que remarla y luchar mucho\u201d.<br \/>\nEn ese sentido, resalt\u00f3 que Argentina es reconocido a nivel mundial por ser un pa\u00eds con m\u00e1s de 1.000 genocidios condenados. \u201cLo pone en un lugar de much\u00edsimo respeto y ejemplo de c\u00f3mo se han podido jugar estos delitos para poder garantizar la no repetici\u00f3n\u201d, agreg\u00f3. Tambi\u00e9n subray\u00f3 a Chaco como la primera y \u00fanica provincia en aprobar una ley para los testigos de lesa humanidad, la cual se recordar\u00e1 este 18 de septiembre.<br \/>\nPor \u00faltimo, remarc\u00f3 la importancia de este encuentro debido a \u201calgunos discursos\u201d que est\u00e1n \u201cpenetrando en sectores de la sociedad\u201d. En ese sentido, manifest\u00f3: \u201cGracias a la desgracia de Jorge Julio L\u00f3pez surgieron los programas a nivel nacional y provincial de protecci\u00f3n de testigos, de acompa\u00f1amiento. Lamentablemente nos toc\u00f3 a nosotros, pero a partir de eso, muchos testigos fueron y siguen siendo protegidos hoy en d\u00eda\u201d, concluy\u00f3.<\/div>\n","protected":false},"excerpt":{"rendered":"<p>En el marco del D\u00eda del Testigo de Lesa Humanidad, se realizar\u00e1 hoy un encuentro desde las 18:30 en el Museo de la Casa por la Memoria (Marcelo T. Alvear 32). Santiago Osuna, presidente de la Comisi\u00f3n Provincial de la Memoria y Rub\u00e9n L\u00f3pez, hijo de Jorge Julio L\u00f3pez, dialogaron con Radio Provincia del Chaco [&hellip;]<\/p>\n","protected":false},"author":1,"featured_media":26670,"comment_status":"closed","ping_status":"closed","sticky":false,"template":"","format":"standard","meta":{"footnotes":""},"categories":[6],"tags":[],"class_list":{"0":"post-26669","1":"post","2":"type-post","3":"status-publish","4":"format-standard","5":"has-post-thumbnail","7":"category-chaco"},"_links":{"self":[{"href":"https:\/\/chacosintesis.com.ar\/index.php\/wp-json\/wp\/v2\/posts\/26669","targetHints":{"allow":["GET"]}}],"collection":[{"href":"https:\/\/chacosintesis.com.ar\/index.php\/wp-json\/wp\/v2\/posts"}],"about":[{"href":"https:\/\/chacosintesis.com.ar\/index.php\/wp-json\/wp\/v2\/types\/post"}],"author":[{"embeddable":true,"href":"https:\/\/chacosintesis.com.ar\/index.php\/wp-json\/wp\/v2\/users\/1"}],"replies":[{"embeddable":true,"href":"https:\/\/chacosintesis.com.ar\/index.php\/wp-json\/wp\/v2\/comments?post=26669"}],"version-history":[{"count":0,"href":"https:\/\/chacosintesis.com.ar\/index.php\/wp-json\/wp\/v2\/posts\/26669\/revisions"}],"wp:featuredmedia":[{"embeddable":true,"href":"https:\/\/chacosintesis.com.ar\/index.php\/wp-json\/wp\/v2\/media\/26670"}],"wp:attachment":[{"href":"https:\/\/chacosintesis.com.ar\/index.php\/wp-json\/wp\/v2\/media?parent=26669"}],"wp:term":[{"taxonomy":"category","embeddable":true,"href":"https:\/\/chacosintesis.com.ar\/index.php\/wp-json\/wp\/v2\/categories?post=26669"},{"taxonomy":"post_tag","embeddable":true,"href":"https:\/\/chacosintesis.com.ar\/index.php\/wp-json\/wp\/v2\/tags?post=26669"}],"curies":[{"name":"wp","href":"https:\/\/api.w.org\/{rel}","templated":true}]}}